{"id":551,"date":"2025-05-16T20:46:07","date_gmt":"2025-05-16T23:46:07","guid":{"rendered":"https:\/\/newblogs.correiobraziliense.com.br\/blocodenotas\/?p=551"},"modified":"2025-05-16T20:46:08","modified_gmt":"2025-05-16T23:46:08","slug":"gripe-aviaria-impoe-desafio-economico-ao-brasil","status":"publish","type":"post","link":"https:\/\/newblogs.correiobraziliense.com.br\/blocodenotas\/gripe-aviaria-impoe-desafio-economico-ao-brasil\/","title":{"rendered":"Gripe avi\u00e1ria imp\u00f5e desafio econ\u00f4mico ao Brasil"},"content":{"rendered":"\n<p>O governo federal montou uma for\u00e7a-tarefa para conter um foco de gripe avi\u00e1ria no Rio Grande do Sul. Desde 2006 o pa\u00eds n\u00e3o registrava casos da doen\u00e7a &#8212; este \u00e9 o primeiro registro em um estabelecimento comercial. At\u00e9 ent\u00e3o, os casos ocorreram em aves silvestres. <\/p>\n\n\n\n<p>Segundo autoridades e especialistas, n\u00e3o h\u00e1 risco de infec\u00e7\u00f5es para quem consumir carne de frango ou ovos. O perigo maior \u00e9 com os avicultores, que precisam lidar com os animais e podem sofrer alguma contamina\u00e7\u00e3o pelo v\u00edrus da doen\u00e7a.<\/p>\n\n\n\n<p>Seis barreiras sanit\u00e1rias foram montadas na regi\u00e3o afetada. Elas funcionam durante 24 horas para evitar o cont\u00e1gio. Em Montenegro, h\u00e1 mais de 500 produtores de aves. Na granja onde foi identificado o foco de gripe avi\u00e1ria, mais de 17 mil animais foram abatidos. <\/p>\n\n\n\n<p>Al\u00e9m de causar um problema sanit\u00e1rio, o caso de gripe avi\u00e1ria anunciado hoje j\u00e1 teve os seus primeiros impactos econ\u00f4micos. A China anunciou que suspendeu a compra de carne de frango por 60 dias. o pa\u00eds asi\u00e1tico \u00e9 o maior consumidor desse produto exportado pelo brasil. a suspens\u00e3o \u00e9 imediata, definida em protocolo pelos dois pa\u00edses. Segundo estimativas, o preju\u00edzo pela suspens\u00e3o do com\u00e9rcio de aves para a China pode chegar a US$ 100 milh\u00f5es por m\u00eas.<\/p>\n\n\n\n<p>Ao longo desta sexta-feira, Uni\u00e3o Europeia e Argentina tamb\u00e9m suspenderam a compra do frango brasileiro. O governo corre contra o tempo para mostrar que adota medidas sanit\u00e1rias eficientes para controlar o surto da doen\u00e7a infecciosa. E aposta nas cl\u00e1usulas de regionaliza\u00e7\u00e3o de embargos para que evitar que outros pa\u00edses cancelem a demanda pela prote\u00edna brasileira. <\/p>\n\n\n\n<p>N\u00e3o \u00e9 um bom momento para o agro brasileiro enfrentar esse problema. H\u00e1 meses o governo Lula vem trabalhando para ampliar a presen\u00e7a de produtos agr\u00edcolas brasileiras em mercados consumidores. O caso de gripe avi\u00e1ria \u00e9 um risco que precisa ser mitigado rapidamente. <\/p>\n\n\n\n<p>\u00c9 preciso trabalhar ainda contra outro mal que prejudica as exporta\u00e7\u00f5es brasileiras: a desinforma\u00e7\u00e3o. S\u00e3o recorrentes os protestos de produtores rurais europeus contra os concorrentes sul-americanos . Alegam que as medidas sanit\u00e1rias e de controle ambiental no Brasil s\u00e3o bem mais frouxas. <\/p>\n\n\n\n<p>Depois da guerra sanit\u00e1ria, ser\u00e1 preciso enfrentar a batalha das narrativas. <\/p>\n\n\n\n<h2 class=\"wp-block-heading\">A pol\u00eamica &#8220;reborn&#8221; em um pa\u00eds carente de verdade<\/h2>\n\n\n\n<figure class=\"wp-block-image size-full\"><img loading=\"lazy\" decoding=\"async\" width=\"1024\" height=\"768\" src=\"https:\/\/newblogs.correiobraziliense.com.br\/blocodenotas\/wp-content\/uploads\/sites\/3\/2025\/05\/Bebe-reborn.webp\" alt=\"\" class=\"wp-image-558\" srcset=\"https:\/\/newblogs.correiobraziliense.com.br\/blocodenotas\/wp-content\/uploads\/sites\/3\/2025\/05\/Bebe-reborn.webp 1024w, https:\/\/newblogs.correiobraziliense.com.br\/blocodenotas\/wp-content\/uploads\/sites\/3\/2025\/05\/Bebe-reborn-300x225.webp 300w, https:\/\/newblogs.correiobraziliense.com.br\/blocodenotas\/wp-content\/uploads\/sites\/3\/2025\/05\/Bebe-reborn-768x576.webp 768w, https:\/\/newblogs.correiobraziliense.com.br\/blocodenotas\/wp-content\/uploads\/sites\/3\/2025\/05\/Bebe-reborn-800x600.webp 800w\" sizes=\"auto, (max-width: 1024px) 100vw, 1024px\" \/><figcaption class=\"wp-element-caption\">Cr\u00e9dito: Valter Campanato\/Ag\u00eancia Brasil<\/figcaption><\/figure>\n\n\n\n<p>J\u00e1 ouviram falar em reborn? A nova mania que varreu as redes sociais tem provocado muita discuss\u00e3o dentro e fora do ambiente virtual. Os bonecos hiperrealistas, que buscam imitar beb\u1ebds, podem ser facilmente encontrados em qualquer site de compras ou lojas de brinquedos. Mas existem modelos artesanais, que podem custar milhares de reais.<\/p>\n\n\n\n<p>At\u00e9 a\u00ed poder\u00edamos alegar que isso \u00e9 coisa de colecionadores. Tem gente que coleciona livros, armas, selos, objetos antigos, obras de arte, etc. O problema \u00e9 que a turma do reborn est\u00e1 se envolvendo em situa\u00e7\u00f5es no m\u00ednimo complicadas: h\u00e1 relatos de gente que leva esses beb\u00eas de brinquedo para unidades hospitalares, em busca de atendimento m\u00e9dico. Outros exigem, por exemplo, assento preferencial. <\/p>\n\n\n\n<p>O fen\u00f4meno come\u00e7ou a preocupar os pol\u00edticos. Em v\u00e1rias cidades do pa\u00eds, parlamentares t\u00eam apresentado projetos de lei para impor limites e san\u00e7\u00f5es aos adeptos de beb\u00eas reborn. Alegam que o sistema de sa\u00fade, por exemplo, n\u00e3o pode dedicar aten\u00e7\u00e3o a esse tipo de paciente, em meio a tantas outras car\u00eancias na sa\u00fade p\u00fablica brasileira.<\/p>\n\n\n\n<p>No Congresso Nacional, pelo menos tr\u00eas projetos tratam desse tema. A deputada federal Ros\u00e3ngela Moro (Uni\u00e3o Brasil-SP) defende algumas diretrizes para acolhimento psicossocial a pessoas que demonstram afeto a algum objeto. Segundo a deputada, o apego emocional a beb\u1ebds reborn pode ser um ind\u00edcio de sofrimento ps\u00edquico.<\/p>\n\n\n\n<p>No ambiente inflamado das redes sociais, \u00e9 dif\u00edcil falar de um tema que tem causado rea\u00e7\u00f5es t\u00e3o destemperadas. Mas conv\u00e9m salientar que a febre dos beb\u00eas reborn talvez indique outros aspectos relevantes da sociedade brasileira. Possivelmente o apego por objetos que imitam crian\u00e7as tenha alguma rela\u00e7\u00e3o com outros problemas contempor\u00e2neos, como o desafio de educar uma crian\u00e7a ou de formar uma fam\u00edlia. N\u00e3o se deve, portanto, menosprezar ou simplificar as manifesta\u00e7\u00f5es emocionais das pessoas. Talvez seja a maneira que elas encontraram de pedir algum tipo de ajuda.<\/p>\n\n\n\n<h2 class=\"wp-block-heading\">Procura-se um rumo para o futebol brasileiro<\/h2>\n\n\n\n<figure class=\"wp-block-image size-full\"><img loading=\"lazy\" decoding=\"async\" width=\"360\" height=\"239\" src=\"https:\/\/newblogs.correiobraziliense.com.br\/blocodenotas\/wp-content\/uploads\/sites\/3\/2025\/05\/Ednaldo-Rodrigues.jpg\" alt=\"\" class=\"wp-image-564\" srcset=\"https:\/\/newblogs.correiobraziliense.com.br\/blocodenotas\/wp-content\/uploads\/sites\/3\/2025\/05\/Ednaldo-Rodrigues.jpg 360w, https:\/\/newblogs.correiobraziliense.com.br\/blocodenotas\/wp-content\/uploads\/sites\/3\/2025\/05\/Ednaldo-Rodrigues-300x199.jpg 300w\" sizes=\"auto, (max-width: 360px) 100vw, 360px\" \/><figcaption class=\"wp-element-caption\">Cr\u00e9dito: Staff Images\/CBF<\/figcaption><\/figure>\n\n\n\n<p>A Confedera\u00e7\u00e3o Brasileira de Futebol est\u00e1 perdendo de goleada no crit\u00e9rio governan\u00e7a. O afastamento do seu presidente, Ednaldo Rodrigues, por determina\u00e7\u00e3o da Justi\u00e7a do Rio de Janeiro, ampliou a disc\u00f3rdia que h\u00e1 meses vem minando a entidade m\u00e1xima do esporte mais popular do pa\u00eds. <\/p>\n\n\n\n<p>Assim que Ednaldo Rodrigues foi afastado, 19 presidentes de federa\u00e7\u00f5es do brasil assinaram um manifesto pedindo a renova\u00e7\u00e3o na entidade m\u00e1xima do futebol. Os signat\u00e1rios reivindicam uma nova elei\u00e7\u00e3o na CBF \u2014 horas depois, foi anunciada a realiza\u00e7\u00e3o de um novo processo eleitoral. Segundo o manifesto, \u201co futebol brasileiro vive um momento decisivo\u201d, pois enfrenta \u201cproblemas estruturais\u201d.<\/p>\n\n\n\n<p>Mas, como tudo relativo ao futebol no Brasil, nem mesmo a revolta dos dirigentes \u00e9 un\u00e2nime. L\u00edderes de federa\u00e7\u00f5es importantes n\u00e3o assinaram o manifesto, como S\u00e3o Paulo, Minas Gerais e Bahia. Est\u00e1 claro, pois, que os cartolas do futebol brasileiro est\u00e3o divididos, o que aumenta ainda mais a confus\u00e3o.<\/p>\n\n\n\n<p>A elei\u00e7\u00e3o na CBF est\u00e1 marcada para 25 de maio \u2013 um dia antes de o italiano Carlo Ancelotti divulgar a lista de convocados para o time que disputar\u00e1 duas partidas pelas Eliminat\u00f3rias da Copa do Mundo de 2026.<\/p>\n\n\n\n<p>Ednaldo Rodrigues foi afastado da presid\u00eancia da CBF ap\u00f3s den\u00fancia de falsifica\u00e7\u00e3o de assinatura de um dos vice-presidentes da entidade. Esse epis\u00f3dio, no entendimento do Tribunal de Justi\u00e7a do Rio de Janeiro, seria suficiente para anular a elei\u00e7\u00e3o.<\/p>\n\n\n\n<p>No in\u00edcio da semana, o ainda presidente da CBF Ednaldo Rodrigues foi not\u00edcia ao anunciar a contrata\u00e7\u00e3o de Carlo Ancelotti para comandar a sele\u00e7\u00e3o. Para muitos, tratava-se de um movimento para conter a insatisfa\u00e7\u00e3o entre os dirigentes do futebol. <\/p>\n\n\n\n<p>A quest\u00e3o que se coloca \u00e9: como organizar um time para a Copa do Mundo nessas condi\u00e7\u00f5es? E como reabilitar o futebol brasileiro, marcado por tanta desorganiza\u00e7\u00e3o e instabilidade? Mais do que um novo t\u00e9cnico, o esporte que \u00e9 a cara do Brasil precisa de um novo rumo. O caminho da decad\u00eancia est\u00e1 cada vez mais incontorn\u00e1vel.<\/p>\n\n\n\n<figure class=\"wp-block-embed is-type-video is-provider-youtube wp-block-embed-youtube wp-embed-aspect-4-3 wp-has-aspect-ratio\"><div class=\"wp-block-embed__wrapper\">\n<iframe loading=\"lazy\" title=\"\ud83d\udd34 GRIPE AVI\u00c1RIA NO BRASIL; CBF SEM COMANDO; POL\u00caMICA DOS BEB\u00caS REBORN E + | BLOCO DE NOTAS\" width=\"640\" height=\"480\" src=\"https:\/\/www.youtube.com\/embed\/leY7dwRLwb0?feature=oembed\" frameborder=\"0\" allow=\"accelerometer; autoplay; clipboard-write; encrypted-media; gyroscope; picture-in-picture; web-share\" referrerpolicy=\"strict-origin-when-cross-origin\" allowfullscreen><\/iframe>\n<\/div><\/figure>\n","protected":false},"excerpt":{"rendered":"<p>Governo corre contra o tempo para conter danos ap\u00f3s China, UE e Argentina suspenderem importa\u00e7\u00e3o de carne brasileira. Pa\u00eds \u00e9 o maior produtor mundial  <\/p>\n","protected":false},"author":21,"featured_media":552,"comment_status":"closed","ping_status":"open","sticky":false,"template":"","format":"standard","meta":{"_acf_changed":false,"inline_featured_image":false,"footnotes":""},"categories":[2],"tags":[332,11,331,13,334,333,330,29],"class_list":["post-551","post","type-post","status-publish","format-standard","has-post-thumbnail","hentry","category-noticias","tag-bebes-reborn","tag-bloco-de-notas","tag-carlos-favaro","tag-correio-braziliense","tag-ednaldo-rodrigues","tag-eleicao-na-cbf","tag-gripe-aviaria","tag-rio-grande-do-sul"],"acf":[],"yoast_head":"<!-- This site is optimized with the Yoast SEO plugin v27.3 - https:\/\/yoast.com\/product\/yoast-seo-wordpress\/ -->\n<title>Gripe avi\u00e1ria imp\u00f5e desafio econ\u00f4mico ao Brasil | Bloco de notas<\/title>\n<meta name=\"description\" content=\"Governo corre contra o tempo para conter danos ap\u00f3s China, UE e Argentina suspenderem importa\u00e7\u00e3o de carne brasileira. Pa\u00eds \u00e9 o maior produtor mundial\" \/>\n<meta name=\"robots\" content=\"index, follow, max-snippet:-1, max-image-preview:large, max-video-preview:-1\" \/>\n<link rel=\"canonical\" href=\"https:\/\/newblogs.correiobraziliense.com.br\/blocodenotas\/gripe-aviaria-impoe-desafio-economico-ao-brasil\/\" \/>\n<meta property=\"og:locale\" content=\"pt_BR\" \/>\n<meta property=\"og:type\" content=\"article\" \/>\n<meta property=\"og:title\" content=\"Gripe avi\u00e1ria imp\u00f5e desafio econ\u00f4mico ao Brasil | Bloco de notas\" \/>\n<meta property=\"og:description\" content=\"Governo corre contra o tempo para conter danos ap\u00f3s China, UE e Argentina suspenderem importa\u00e7\u00e3o de carne brasileira. Pa\u00eds \u00e9 o maior produtor mundial\" \/>\n<meta property=\"og:url\" content=\"https:\/\/newblogs.correiobraziliense.com.br\/blocodenotas\/gripe-aviaria-impoe-desafio-economico-ao-brasil\/\" \/>\n<meta property=\"og:site_name\" content=\"Bloco de notas\" \/>\n<meta property=\"article:published_time\" content=\"2025-05-16T23:46:07+00:00\" \/>\n<meta property=\"article:modified_time\" content=\"2025-05-16T23:46:08+00:00\" \/>\n<meta property=\"og:image\" content=\"https:\/\/newblogs.correiobraziliense.com.br\/blocodenotas\/wp-content\/uploads\/sites\/3\/2025\/05\/Carlos-Favaro.webp\" \/>\n\t<meta property=\"og:image:width\" content=\"1024\" \/>\n\t<meta property=\"og:image:height\" content=\"768\" \/>\n\t<meta property=\"og:image:type\" content=\"image\/webp\" \/>\n<meta name=\"author\" content=\"Carlos Alexandre\" \/>\n<!-- \/ Yoast SEO plugin. -->","yoast_head_json":{"title":"Gripe avi\u00e1ria imp\u00f5e desafio econ\u00f4mico ao Brasil | Bloco de notas","description":"Governo corre contra o tempo para conter danos ap\u00f3s China, UE e Argentina suspenderem importa\u00e7\u00e3o de carne brasileira. Pa\u00eds \u00e9 o maior produtor mundial","robots":{"index":"index","follow":"follow","max-snippet":"max-snippet:-1","max-image-preview":"max-image-preview:large","max-video-preview":"max-video-preview:-1"},"canonical":"https:\/\/newblogs.correiobraziliense.com.br\/blocodenotas\/gripe-aviaria-impoe-desafio-economico-ao-brasil\/","og_locale":"pt_BR","og_type":"article","og_title":"Gripe avi\u00e1ria imp\u00f5e desafio econ\u00f4mico ao Brasil | Bloco de notas","og_description":"Governo corre contra o tempo para conter danos ap\u00f3s China, UE e Argentina suspenderem importa\u00e7\u00e3o de carne brasileira. Pa\u00eds \u00e9 o maior produtor mundial","og_url":"https:\/\/newblogs.correiobraziliense.com.br\/blocodenotas\/gripe-aviaria-impoe-desafio-economico-ao-brasil\/","og_site_name":"Bloco de notas","article_published_time":"2025-05-16T23:46:07+00:00","article_modified_time":"2025-05-16T23:46:08+00:00","og_image":[{"width":1024,"height":768,"url":"https:\/\/newblogs.correiobraziliense.com.br\/blocodenotas\/wp-content\/uploads\/sites\/3\/2025\/05\/Carlos-Favaro.webp","type":"image\/webp"}],"author":"Carlos Alexandre","schema":{"@context":"https:\/\/schema.org","@graph":[{"@type":"NewsArticle","@id":"https:\/\/newblogs.correiobraziliense.com.br\/blocodenotas\/gripe-aviaria-impoe-desafio-economico-ao-brasil\/#article","isPartOf":{"@id":"https:\/\/newblogs.correiobraziliense.com.br\/blocodenotas\/gripe-aviaria-impoe-desafio-economico-ao-brasil\/"},"author":{"name":"Carlos Alexandre","@id":"https:\/\/newblogs.correiobraziliense.com.br\/blocodenotas\/#\/schema\/person\/df780dfaed7e416bd388175b3765f1a3"},"headline":"Gripe avi\u00e1ria imp\u00f5e desafio econ\u00f4mico ao Brasil","datePublished":"2025-05-16T23:46:07+00:00","dateModified":"2025-05-16T23:46:08+00:00","mainEntityOfPage":{"@id":"https:\/\/newblogs.correiobraziliense.com.br\/blocodenotas\/gripe-aviaria-impoe-desafio-economico-ao-brasil\/"},"wordCount":1138,"image":{"@id":"https:\/\/newblogs.correiobraziliense.com.br\/blocodenotas\/gripe-aviaria-impoe-desafio-economico-ao-brasil\/#primaryimage"},"thumbnailUrl":"https:\/\/newblogs.correiobraziliense.com.br\/blocodenotas\/wp-content\/uploads\/sites\/3\/2025\/05\/Carlos-Favaro.webp","keywords":["beb\u00eas reborn","Bloco de Notas","Carlos F\u00e1varo","Correio Braziliense","Ednaldo Rodrigues","elei\u00e7\u00e3o na CBF","gripe avi\u00e1ria","Rio Grande do Sul"],"articleSection":["Not\u00edcias"],"inLanguage":"pt-BR"},{"@type":"WebPage","@id":"https:\/\/newblogs.correiobraziliense.com.br\/blocodenotas\/gripe-aviaria-impoe-desafio-economico-ao-brasil\/","url":"https:\/\/newblogs.correiobraziliense.com.br\/blocodenotas\/gripe-aviaria-impoe-desafio-economico-ao-brasil\/","name":"Gripe avi\u00e1ria imp\u00f5e desafio econ\u00f4mico ao Brasil | Bloco de notas","isPartOf":{"@id":"https:\/\/newblogs.correiobraziliense.com.br\/blocodenotas\/#website"},"primaryImageOfPage":{"@id":"https:\/\/newblogs.correiobraziliense.com.br\/blocodenotas\/gripe-aviaria-impoe-desafio-economico-ao-brasil\/#primaryimage"},"image":{"@id":"https:\/\/newblogs.correiobraziliense.com.br\/blocodenotas\/gripe-aviaria-impoe-desafio-economico-ao-brasil\/#primaryimage"},"thumbnailUrl":"https:\/\/newblogs.correiobraziliense.com.br\/blocodenotas\/wp-content\/uploads\/sites\/3\/2025\/05\/Carlos-Favaro.webp","datePublished":"2025-05-16T23:46:07+00:00","dateModified":"2025-05-16T23:46:08+00:00","author":{"@id":"https:\/\/newblogs.correiobraziliense.com.br\/blocodenotas\/#\/schema\/person\/df780dfaed7e416bd388175b3765f1a3"},"description":"Governo corre contra o tempo para conter danos ap\u00f3s China, UE e Argentina suspenderem importa\u00e7\u00e3o de carne brasileira. Pa\u00eds \u00e9 o maior produtor mundial","breadcrumb":{"@id":"https:\/\/newblogs.correiobraziliense.com.br\/blocodenotas\/gripe-aviaria-impoe-desafio-economico-ao-brasil\/#breadcrumb"},"inLanguage":"pt-BR","potentialAction":[{"@type":"ReadAction","target":["https:\/\/newblogs.correiobraziliense.com.br\/blocodenotas\/gripe-aviaria-impoe-desafio-economico-ao-brasil\/"]}]},{"@type":"ImageObject","inLanguage":"pt-BR","@id":"https:\/\/newblogs.correiobraziliense.com.br\/blocodenotas\/gripe-aviaria-impoe-desafio-economico-ao-brasil\/#primaryimage","url":"https:\/\/newblogs.correiobraziliense.com.br\/blocodenotas\/wp-content\/uploads\/sites\/3\/2025\/05\/Carlos-Favaro.webp","contentUrl":"https:\/\/newblogs.correiobraziliense.com.br\/blocodenotas\/wp-content\/uploads\/sites\/3\/2025\/05\/Carlos-Favaro.webp","width":1024,"height":768,"caption":"Cr\u00e9dito: Jos\u00e9 Cruz\/Ag\u00eancia Brasil"},{"@type":"BreadcrumbList","@id":"https:\/\/newblogs.correiobraziliense.com.br\/blocodenotas\/gripe-aviaria-impoe-desafio-economico-ao-brasil\/#breadcrumb","itemListElement":[{"@type":"ListItem","position":1,"name":"In\u00edcio","item":"https:\/\/newblogs.correiobraziliense.com.br\/blocodenotas\/"},{"@type":"ListItem","position":2,"name":"Not\u00edcias","item":"https:\/\/newblogs.correiobraziliense.com.br\/blocodenotas\/noticias\/"},{"@type":"ListItem","position":3,"name":"Gripe avi\u00e1ria imp\u00f5e desafio econ\u00f4mico ao Brasil"}]},{"@type":"WebSite","@id":"https:\/\/newblogs.correiobraziliense.com.br\/blocodenotas\/#website","url":"https:\/\/newblogs.correiobraziliense.com.br\/blocodenotas\/","name":"Bloco de notas","description":"Este espa\u00e7o ser\u00e1, a partir de hoje, o meu bloco de notas compartilhado com voc\u00ea. E, assim, poder\u00e1 ser tamb\u00e9m o seu bloco de notas. Vou dividir e organizar com voc\u00ea minhas anota\u00e7\u00f5es sobre os fatos da pol\u00edtica, da economia, da vida.","potentialAction":[{"@type":"SearchAction","target":{"@type":"EntryPoint","urlTemplate":"https:\/\/newblogs.correiobraziliense.com.br\/blocodenotas\/?s={search_term_string}"},"query-input":{"@type":"PropertyValueSpecification","valueRequired":true,"valueName":"search_term_string"}}],"inLanguage":"pt-BR"},{"@type":"Person","@id":"https:\/\/newblogs.correiobraziliense.com.br\/blocodenotas\/#\/schema\/person\/df780dfaed7e416bd388175b3765f1a3","name":"Carlos Alexandre","image":{"@type":"ImageObject","inLanguage":"pt-BR","@id":"https:\/\/secure.gravatar.com\/avatar\/ca9439e84b1b68be3c207f6c358b19bcde3584bd05cc51e35a0769f89c1611cb?s=96&d=mm&r=g","url":"https:\/\/secure.gravatar.com\/avatar\/ca9439e84b1b68be3c207f6c358b19bcde3584bd05cc51e35a0769f89c1611cb?s=96&d=mm&r=g","contentUrl":"https:\/\/secure.gravatar.com\/avatar\/ca9439e84b1b68be3c207f6c358b19bcde3584bd05cc51e35a0769f89c1611cb?s=96&d=mm&r=g","caption":"Carlos Alexandre"},"description":"Carlos Alexandre de Souza \u00e9 editor de Pol\u00edtica, Brasil e Economia do Correio Braziliense. Mestre em Ci\u00eancia Pol\u00edtica pela Universidade de Ottawa. Vencedor de pr\u00eamio Esso na categoria Primeira P\u00e1gina.","url":"https:\/\/newblogs.correiobraziliense.com.br\/blocodenotas\/author\/carlosalexandre\/"}]}},"_links":{"self":[{"href":"https:\/\/newblogs.correiobraziliense.com.br\/blocodenotas\/wp-json\/wp\/v2\/posts\/551","targetHints":{"allow":["GET"]}}],"collection":[{"href":"https:\/\/newblogs.correiobraziliense.com.br\/blocodenotas\/wp-json\/wp\/v2\/posts"}],"about":[{"href":"https:\/\/newblogs.correiobraziliense.com.br\/blocodenotas\/wp-json\/wp\/v2\/types\/post"}],"author":[{"embeddable":true,"href":"https:\/\/newblogs.correiobraziliense.com.br\/blocodenotas\/wp-json\/wp\/v2\/users\/21"}],"replies":[{"embeddable":true,"href":"https:\/\/newblogs.correiobraziliense.com.br\/blocodenotas\/wp-json\/wp\/v2\/comments?post=551"}],"version-history":[{"count":15,"href":"https:\/\/newblogs.correiobraziliense.com.br\/blocodenotas\/wp-json\/wp\/v2\/posts\/551\/revisions"}],"predecessor-version":[{"id":569,"href":"https:\/\/newblogs.correiobraziliense.com.br\/blocodenotas\/wp-json\/wp\/v2\/posts\/551\/revisions\/569"}],"wp:featuredmedia":[{"embeddable":true,"href":"https:\/\/newblogs.correiobraziliense.com.br\/blocodenotas\/wp-json\/wp\/v2\/media\/552"}],"wp:attachment":[{"href":"https:\/\/newblogs.correiobraziliense.com.br\/blocodenotas\/wp-json\/wp\/v2\/media?parent=551"}],"wp:term":[{"taxonomy":"category","embeddable":true,"href":"https:\/\/newblogs.correiobraziliense.com.br\/blocodenotas\/wp-json\/wp\/v2\/categories?post=551"},{"taxonomy":"post_tag","embeddable":true,"href":"https:\/\/newblogs.correiobraziliense.com.br\/blocodenotas\/wp-json\/wp\/v2\/tags?post=551"}],"curies":[{"name":"wp","href":"https:\/\/api.w.org\/{rel}","templated":true}]}}