{"id":460,"date":"2025-02-06T18:18:00","date_gmt":"2025-02-06T21:18:00","guid":{"rendered":"https:\/\/newblogs.correiobraziliense.com.br\/blocodenotas\/?p=460"},"modified":"2025-02-07T21:25:50","modified_gmt":"2025-02-08T00:25:50","slug":"se-ta-caro-nao-compre-o-novo-desastre-de-lula-na-comunicacao","status":"publish","type":"post","link":"https:\/\/newblogs.correiobraziliense.com.br\/blocodenotas\/se-ta-caro-nao-compre-o-novo-desastre-de-lula-na-comunicacao\/","title":{"rendered":"&#8220;Se t\u00e1 caro, n\u00e3o compre!&#8221;, o novo desastre de Lula na comunica\u00e7\u00e3o"},"content":{"rendered":"\n<p>No Bloco de Notas desta quinta-feira (6\/2), Diego Amorim traz as \u00faltimas atualiza\u00e7\u00f5es sobre a preocupa\u00e7\u00e3o do governo com a infla\u00e7\u00e3o dos alimentos. Em uma entrevista concedida a um pool de r\u00e1dios baianas, o presidente Luiz In\u00e1cio Lula da Silva admitiu que &#8220;a carne est\u00e1 muito alta&#8221; e prometeu &#8220;controlar a infla\u00e7\u00e3o&#8221;. No entanto, em nova escorregada de comunica\u00e7\u00e3o ele tamb\u00e9m disse que, se a popula\u00e7\u00e3o vai ao mercado e &#8220;desconfia que um produto est\u00e1 caro, n\u00e3o compre&#8221;.<\/p>\n\n\n\n<p>Lula destacou que o aumento dos pre\u00e7os dos alimentos \u00e9 uma preocupa\u00e7\u00e3o crescente entre os brasileiros. O Instituto Brasileiro de Geografia e Estat\u00edstica (IBGE) anunciou que, em janeiro de 2025, o \u00cdndice Nacional de Pre\u00e7os ao Consumidor Amplo (IPCA) foi de 4,83%, enquanto o item Alimenta\u00e7\u00e3o e Bebidas atingiu uma infla\u00e7\u00e3o de 7,69%. O presidente atribuiu parte dessa alta \u00e0 desorganiza\u00e7\u00e3o das cadeias globais de suprimento durante a pandemia e \u00e0s mudan\u00e7as clim\u00e1ticas.<\/p>\n\n\n\n<p>Al\u00e9m disso, Lula mencionou que o governo est\u00e1 em di\u00e1logo com empres\u00e1rios e minist\u00e9rios para buscar medidas que contenham os aumentos de pre\u00e7os. O ministro da Casa Civil, Rui Costa, afirmou que o governo projeta uma redu\u00e7\u00e3o nos pre\u00e7os dos alimentos ainda no primeiro semestre de 2025, impulsionada por uma colheita recorde prevista para o per\u00edodo.<\/p>\n\n\n\n<p>O presidente tamb\u00e9m destacou a import\u00e2ncia de uma abordagem educacional para conscientizar a popula\u00e7\u00e3o sobre a necessidade de n\u00e3o comprar produtos caros, o que poderia pressionar o mercado a baixar os pre\u00e7os. Ele enfatizou que o governo n\u00e3o pode congelar pre\u00e7os ou fiscalizar diretamente as fazendas, mas est\u00e1 trabalhando para criar um ambiente mais favor\u00e1vel para a redu\u00e7\u00e3o dos custos.<\/p>\n\n\n\n<p>Assista agora:<\/p>\n\n\n\n<figure class=\"wp-block-embed is-type-video is-provider-youtube wp-block-embed-youtube wp-embed-aspect-16-9 wp-has-aspect-ratio\"><div class=\"wp-block-embed__wrapper\">\n<iframe loading=\"lazy\" title=\"\ud83d\udd34INFLA\u00c7\u00c3O DOS ALIMENTOS PREOCUPA GOVERNO E LULA PEDE QUE N\u00c3O COMPREM PRODUTOS CAROS | BLOCO DE NOTAS\" width=\"640\" height=\"360\" src=\"https:\/\/www.youtube.com\/embed\/mKNEiUGpmNo?feature=oembed\" frameborder=\"0\" allow=\"accelerometer; autoplay; clipboard-write; encrypted-media; gyroscope; picture-in-picture; web-share\" referrerpolicy=\"strict-origin-when-cross-origin\" allowfullscreen><\/iframe>\n<\/div><\/figure>\n","protected":false},"excerpt":{"rendered":"<p>Em entrevista \u00e0 r\u00e1dios baianas, Lula joga culpa do alto pre\u00e7o dos produtos nos consumidores. Diego Amorim analisa<\/p>\n","protected":false},"author":5,"featured_media":242,"comment_status":"closed","ping_status":"open","sticky":false,"template":"","format":"standard","meta":{"_acf_changed":false,"inline_featured_image":false,"footnotes":""},"categories":[57],"tags":[11,13,12,200,315,6,53],"class_list":["post-460","post","type-post","status-publish","format-standard","has-post-thumbnail","hentry","category-programa","tag-bloco-de-notas","tag-correio-braziliense","tag-diego-amorim","tag-impeachment","tag-inflacao","tag-lula","tag-oposicao"],"acf":[],"yoast_head":"<!-- This site is optimized with the Yoast SEO plugin v27.3 - https:\/\/yoast.com\/product\/yoast-seo-wordpress\/ -->\n<title>&quot;Se t\u00e1 caro, n\u00e3o compre!&quot;, o novo desastre de Lula na comunica\u00e7\u00e3o | Bloco de notas<\/title>\n<meta name=\"description\" content=\"Em entrevista \u00e0 r\u00e1dios baianas, Lula joga culpa do alto pre\u00e7o dos produtos nos consumidores. Diego Amorim analisa\" \/>\n<meta name=\"robots\" content=\"index, follow, max-snippet:-1, max-image-preview:large, max-video-preview:-1\" \/>\n<link rel=\"canonical\" href=\"https:\/\/newblogs.correiobraziliense.com.br\/blocodenotas\/se-ta-caro-nao-compre-o-novo-desastre-de-lula-na-comunicacao\/\" \/>\n<meta property=\"og:locale\" content=\"pt_BR\" \/>\n<meta property=\"og:type\" content=\"article\" \/>\n<meta property=\"og:title\" content=\"&quot;Se t\u00e1 caro, n\u00e3o compre!&quot;, o novo desastre de Lula na comunica\u00e7\u00e3o | Bloco de notas\" \/>\n<meta property=\"og:description\" content=\"Em entrevista \u00e0 r\u00e1dios baianas, Lula joga culpa do alto pre\u00e7o dos produtos nos consumidores. Diego Amorim analisa\" \/>\n<meta property=\"og:url\" content=\"https:\/\/newblogs.correiobraziliense.com.br\/blocodenotas\/se-ta-caro-nao-compre-o-novo-desastre-de-lula-na-comunicacao\/\" \/>\n<meta property=\"og:site_name\" content=\"Bloco de notas\" \/>\n<meta property=\"article:published_time\" content=\"2025-02-06T21:18:00+00:00\" \/>\n<meta property=\"article:modified_time\" content=\"2025-02-08T00:25:50+00:00\" \/>\n<meta property=\"og:image\" content=\"https:\/\/newblogs.correiobraziliense.com.br\/blocodenotas\/wp-content\/uploads\/sites\/3\/2024\/06\/Captura-de-tela-2024-06-26-173024.png\" \/>\n\t<meta property=\"og:image:width\" content=\"786\" \/>\n\t<meta property=\"og:image:height\" content=\"469\" \/>\n\t<meta property=\"og:image:type\" content=\"image\/png\" \/>\n<meta name=\"author\" content=\"Diego Amorim\" \/>\n<!-- \/ Yoast SEO plugin. -->","yoast_head_json":{"title":"\"Se t\u00e1 caro, n\u00e3o compre!\", o novo desastre de Lula na comunica\u00e7\u00e3o | Bloco de notas","description":"Em entrevista \u00e0 r\u00e1dios baianas, Lula joga culpa do alto pre\u00e7o dos produtos nos consumidores. Diego Amorim analisa","robots":{"index":"index","follow":"follow","max-snippet":"max-snippet:-1","max-image-preview":"max-image-preview:large","max-video-preview":"max-video-preview:-1"},"canonical":"https:\/\/newblogs.correiobraziliense.com.br\/blocodenotas\/se-ta-caro-nao-compre-o-novo-desastre-de-lula-na-comunicacao\/","og_locale":"pt_BR","og_type":"article","og_title":"\"Se t\u00e1 caro, n\u00e3o compre!\", o novo desastre de Lula na comunica\u00e7\u00e3o | Bloco de notas","og_description":"Em entrevista \u00e0 r\u00e1dios baianas, Lula joga culpa do alto pre\u00e7o dos produtos nos consumidores. Diego Amorim analisa","og_url":"https:\/\/newblogs.correiobraziliense.com.br\/blocodenotas\/se-ta-caro-nao-compre-o-novo-desastre-de-lula-na-comunicacao\/","og_site_name":"Bloco de notas","article_published_time":"2025-02-06T21:18:00+00:00","article_modified_time":"2025-02-08T00:25:50+00:00","og_image":[{"width":786,"height":469,"url":"https:\/\/newblogs.correiobraziliense.com.br\/blocodenotas\/wp-content\/uploads\/sites\/3\/2024\/06\/Captura-de-tela-2024-06-26-173024.png","type":"image\/png"}],"author":"Diego Amorim","schema":{"@context":"https:\/\/schema.org","@graph":[{"@type":"NewsArticle","@id":"https:\/\/newblogs.correiobraziliense.com.br\/blocodenotas\/se-ta-caro-nao-compre-o-novo-desastre-de-lula-na-comunicacao\/#article","isPartOf":{"@id":"https:\/\/newblogs.correiobraziliense.com.br\/blocodenotas\/se-ta-caro-nao-compre-o-novo-desastre-de-lula-na-comunicacao\/"},"author":{"name":"Diego Amorim","@id":"https:\/\/newblogs.correiobraziliense.com.br\/blocodenotas\/#\/schema\/person\/a0fff7bd726973b92d5492e165bc4dde"},"headline":"&#8220;Se t\u00e1 caro, n\u00e3o compre!&#8221;, o novo desastre de Lula na comunica\u00e7\u00e3o","datePublished":"2025-02-06T21:18:00+00:00","dateModified":"2025-02-08T00:25:50+00:00","mainEntityOfPage":{"@id":"https:\/\/newblogs.correiobraziliense.com.br\/blocodenotas\/se-ta-caro-nao-compre-o-novo-desastre-de-lula-na-comunicacao\/"},"wordCount":316,"image":{"@id":"https:\/\/newblogs.correiobraziliense.com.br\/blocodenotas\/se-ta-caro-nao-compre-o-novo-desastre-de-lula-na-comunicacao\/#primaryimage"},"thumbnailUrl":"https:\/\/newblogs.correiobraziliense.com.br\/blocodenotas\/wp-content\/uploads\/sites\/3\/2024\/06\/Captura-de-tela-2024-06-26-173024.png","keywords":["Bloco de Notas","Correio Braziliense","Diego Amorim","impeachment","infla\u00e7\u00e3o","Lula","oposi\u00e7\u00e3o"],"articleSection":["Programa"],"inLanguage":"pt-BR"},{"@type":"WebPage","@id":"https:\/\/newblogs.correiobraziliense.com.br\/blocodenotas\/se-ta-caro-nao-compre-o-novo-desastre-de-lula-na-comunicacao\/","url":"https:\/\/newblogs.correiobraziliense.com.br\/blocodenotas\/se-ta-caro-nao-compre-o-novo-desastre-de-lula-na-comunicacao\/","name":"\"Se t\u00e1 caro, n\u00e3o compre!\", o novo desastre de Lula na comunica\u00e7\u00e3o | Bloco de notas","isPartOf":{"@id":"https:\/\/newblogs.correiobraziliense.com.br\/blocodenotas\/#website"},"primaryImageOfPage":{"@id":"https:\/\/newblogs.correiobraziliense.com.br\/blocodenotas\/se-ta-caro-nao-compre-o-novo-desastre-de-lula-na-comunicacao\/#primaryimage"},"image":{"@id":"https:\/\/newblogs.correiobraziliense.com.br\/blocodenotas\/se-ta-caro-nao-compre-o-novo-desastre-de-lula-na-comunicacao\/#primaryimage"},"thumbnailUrl":"https:\/\/newblogs.correiobraziliense.com.br\/blocodenotas\/wp-content\/uploads\/sites\/3\/2024\/06\/Captura-de-tela-2024-06-26-173024.png","datePublished":"2025-02-06T21:18:00+00:00","dateModified":"2025-02-08T00:25:50+00:00","author":{"@id":"https:\/\/newblogs.correiobraziliense.com.br\/blocodenotas\/#\/schema\/person\/a0fff7bd726973b92d5492e165bc4dde"},"description":"Em entrevista \u00e0 r\u00e1dios baianas, Lula joga culpa do alto pre\u00e7o dos produtos nos consumidores. Diego Amorim analisa","breadcrumb":{"@id":"https:\/\/newblogs.correiobraziliense.com.br\/blocodenotas\/se-ta-caro-nao-compre-o-novo-desastre-de-lula-na-comunicacao\/#breadcrumb"},"inLanguage":"pt-BR","potentialAction":[{"@type":"ReadAction","target":["https:\/\/newblogs.correiobraziliense.com.br\/blocodenotas\/se-ta-caro-nao-compre-o-novo-desastre-de-lula-na-comunicacao\/"]}]},{"@type":"ImageObject","inLanguage":"pt-BR","@id":"https:\/\/newblogs.correiobraziliense.com.br\/blocodenotas\/se-ta-caro-nao-compre-o-novo-desastre-de-lula-na-comunicacao\/#primaryimage","url":"https:\/\/newblogs.correiobraziliense.com.br\/blocodenotas\/wp-content\/uploads\/sites\/3\/2024\/06\/Captura-de-tela-2024-06-26-173024.png","contentUrl":"https:\/\/newblogs.correiobraziliense.com.br\/blocodenotas\/wp-content\/uploads\/sites\/3\/2024\/06\/Captura-de-tela-2024-06-26-173024.png","width":786,"height":469,"caption":"Ricardo Stuckert\/PR"},{"@type":"BreadcrumbList","@id":"https:\/\/newblogs.correiobraziliense.com.br\/blocodenotas\/se-ta-caro-nao-compre-o-novo-desastre-de-lula-na-comunicacao\/#breadcrumb","itemListElement":[{"@type":"ListItem","position":1,"name":"In\u00edcio","item":"https:\/\/newblogs.correiobraziliense.com.br\/blocodenotas\/"},{"@type":"ListItem","position":2,"name":"Programa","item":"https:\/\/newblogs.correiobraziliense.com.br\/blocodenotas\/programa\/"},{"@type":"ListItem","position":3,"name":"&#8220;Se t\u00e1 caro, n\u00e3o compre!&#8221;, o novo desastre de Lula na comunica\u00e7\u00e3o"}]},{"@type":"WebSite","@id":"https:\/\/newblogs.correiobraziliense.com.br\/blocodenotas\/#website","url":"https:\/\/newblogs.correiobraziliense.com.br\/blocodenotas\/","name":"Bloco de notas","description":"Este espa\u00e7o ser\u00e1, a partir de hoje, o meu bloco de notas compartilhado com voc\u00ea. E, assim, poder\u00e1 ser tamb\u00e9m o seu bloco de notas. Vou dividir e organizar com voc\u00ea minhas anota\u00e7\u00f5es sobre os fatos da pol\u00edtica, da economia, da vida.","potentialAction":[{"@type":"SearchAction","target":{"@type":"EntryPoint","urlTemplate":"https:\/\/newblogs.correiobraziliense.com.br\/blocodenotas\/?s={search_term_string}"},"query-input":{"@type":"PropertyValueSpecification","valueRequired":true,"valueName":"search_term_string"}}],"inLanguage":"pt-BR"},{"@type":"Person","@id":"https:\/\/newblogs.correiobraziliense.com.br\/blocodenotas\/#\/schema\/person\/a0fff7bd726973b92d5492e165bc4dde","name":"Diego Amorim","image":{"@type":"ImageObject","inLanguage":"pt-BR","@id":"https:\/\/secure.gravatar.com\/avatar\/149eb8ed1dc6e36ec770263cc2075b004439befcd6b992ea240dcafb217cc5bf?s=96&d=mm&r=g","url":"https:\/\/secure.gravatar.com\/avatar\/149eb8ed1dc6e36ec770263cc2075b004439befcd6b992ea240dcafb217cc5bf?s=96&d=mm&r=g","contentUrl":"https:\/\/secure.gravatar.com\/avatar\/149eb8ed1dc6e36ec770263cc2075b004439befcd6b992ea240dcafb217cc5bf?s=96&d=mm&r=g","caption":"Diego Amorim"},"description":"Diego Amorim \u00e9 um dos jornalistas mais premiados de Bras\u00edlia. Com carreira no Correio Braziliense e passagens por ve\u00edculos como Blog do Noblat e O Antagonista, atualmente \u00e9 diretor-executivo e \u00e2ncora da Novabrasil FM na capital federal.","url":"https:\/\/newblogs.correiobraziliense.com.br\/blocodenotas\/author\/diegoamorim\/"}]}},"_links":{"self":[{"href":"https:\/\/newblogs.correiobraziliense.com.br\/blocodenotas\/wp-json\/wp\/v2\/posts\/460","targetHints":{"allow":["GET"]}}],"collection":[{"href":"https:\/\/newblogs.correiobraziliense.com.br\/blocodenotas\/wp-json\/wp\/v2\/posts"}],"about":[{"href":"https:\/\/newblogs.correiobraziliense.com.br\/blocodenotas\/wp-json\/wp\/v2\/types\/post"}],"author":[{"embeddable":true,"href":"https:\/\/newblogs.correiobraziliense.com.br\/blocodenotas\/wp-json\/wp\/v2\/users\/5"}],"replies":[{"embeddable":true,"href":"https:\/\/newblogs.correiobraziliense.com.br\/blocodenotas\/wp-json\/wp\/v2\/comments?post=460"}],"version-history":[{"count":1,"href":"https:\/\/newblogs.correiobraziliense.com.br\/blocodenotas\/wp-json\/wp\/v2\/posts\/460\/revisions"}],"predecessor-version":[{"id":461,"href":"https:\/\/newblogs.correiobraziliense.com.br\/blocodenotas\/wp-json\/wp\/v2\/posts\/460\/revisions\/461"}],"wp:featuredmedia":[{"embeddable":true,"href":"https:\/\/newblogs.correiobraziliense.com.br\/blocodenotas\/wp-json\/wp\/v2\/media\/242"}],"wp:attachment":[{"href":"https:\/\/newblogs.correiobraziliense.com.br\/blocodenotas\/wp-json\/wp\/v2\/media?parent=460"}],"wp:term":[{"taxonomy":"category","embeddable":true,"href":"https:\/\/newblogs.correiobraziliense.com.br\/blocodenotas\/wp-json\/wp\/v2\/categories?post=460"},{"taxonomy":"post_tag","embeddable":true,"href":"https:\/\/newblogs.correiobraziliense.com.br\/blocodenotas\/wp-json\/wp\/v2\/tags?post=460"}],"curies":[{"name":"wp","href":"https:\/\/api.w.org\/{rel}","templated":true}]}}