{"id":458,"date":"2025-02-05T22:47:00","date_gmt":"2025-02-06T01:47:00","guid":{"rendered":"https:\/\/newblogs.correiobraziliense.com.br\/blocodenotas\/?p=458"},"modified":"2025-02-05T22:47:01","modified_gmt":"2025-02-06T01:47:01","slug":"oposicao-se-movimenta-por-bolsonaro-em-2026","status":"publish","type":"post","link":"https:\/\/newblogs.correiobraziliense.com.br\/blocodenotas\/oposicao-se-movimenta-por-bolsonaro-em-2026\/","title":{"rendered":"Oposi\u00e7\u00e3o se movimenta por Bolsonaro em 2026"},"content":{"rendered":"\n<p>No Bloco de Notas desta quarta-feira (5\/2), Diego Amorim traz as \u00faltimas atualiza\u00e7\u00f5es sobre os movimentos da oposi\u00e7\u00e3o no Congresso para reverter a inelegibilidade do ex-presidente Jair Bolsonaro. A situa\u00e7\u00e3o tem sido intensamente debatida, especialmente ap\u00f3s as recentes declara\u00e7\u00f5es do novo presidente da C\u00e2mara, Hugo Motta, que criticou o tempo de inelegibilidade de oito anos previsto pela Lei da Ficha Limpa, considerando-o &#8220;muito longo&#8221; e &#8220;quase uma eternidade na vida pol\u00edtica&#8221;.<\/p>\n\n\n\n<p>A oposi\u00e7\u00e3o tem se mobilizado para aprovar um projeto de lei complementar (PLP) que reduziria o tempo de inelegibilidade para dois anos, permitindo que Bolsonaro concorra \u00e0 elei\u00e7\u00e3o presidencial de 2026. O projeto foi protocolado em julho de 2023 e j\u00e1 conta com o apoio de 72 deputados federais. A proposta est\u00e1 em tramita\u00e7\u00e3o na Comiss\u00e3o de Constitui\u00e7\u00e3o, Justi\u00e7a e Cidadania (CCJ) da C\u00e2mara, sob a relatoria do deputado Filipe Barros (PL-PR).<\/p>\n\n\n\n<p>Assista agora:<\/p>\n\n\n\n<figure class=\"wp-block-embed is-type-video is-provider-youtube wp-block-embed-youtube wp-embed-aspect-4-3 wp-has-aspect-ratio\"><div class=\"wp-block-embed__wrapper\">\n<iframe loading=\"lazy\" title=\"\ud83d\udd34 BOLSONARO E OPOSI\u00c7\u00c3O ANIMADOS COM DECLARA\u00c7\u00c3O DE HUGO MOTTA, ENTENDA | BLOCO DE NOTAS\" width=\"640\" height=\"480\" src=\"https:\/\/www.youtube.com\/embed\/5-ypUAC7l5E?feature=oembed\" frameborder=\"0\" allow=\"accelerometer; autoplay; clipboard-write; encrypted-media; gyroscope; picture-in-picture; web-share\" referrerpolicy=\"strict-origin-when-cross-origin\" allowfullscreen><\/iframe>\n<\/div><\/figure>\n","protected":false},"excerpt":{"rendered":"<p>At\u00e9 o presidente Lula comentou a possibilidade de enfrentar o, hoje ineleg\u00edvel, ex-presidente nas pr\u00f3ximas elei\u00e7\u00f5es presidenciais<\/p>\n","protected":false},"author":5,"featured_media":249,"comment_status":"closed","ping_status":"open","sticky":false,"template":"","format":"standard","meta":{"_acf_changed":false,"inline_featured_image":false,"footnotes":""},"categories":[57],"tags":[11,13,12,52,205,3],"class_list":["post-458","post","type-post","status-publish","format-standard","has-post-thumbnail","hentry","category-programa","tag-bloco-de-notas","tag-correio-braziliense","tag-diego-amorim","tag-eleicoes-2026","tag-hugo-motta","tag-jair-bolsonaro"],"acf":[],"yoast_head":"<!-- This site is optimized with the Yoast SEO plugin v27.3 - https:\/\/yoast.com\/product\/yoast-seo-wordpress\/ -->\n<title>Oposi\u00e7\u00e3o se movimenta por Bolsonaro em 2026 | Bloco de notas<\/title>\n<meta name=\"description\" content=\"At\u00e9 o presidente Lula comentou a possibilidade de enfrentar o, hoje ineleg\u00edvel, ex-presidente nas pr\u00f3ximas elei\u00e7\u00f5es presidenciais\" \/>\n<meta name=\"robots\" content=\"index, follow, max-snippet:-1, max-image-preview:large, max-video-preview:-1\" \/>\n<link rel=\"canonical\" href=\"https:\/\/newblogs.correiobraziliense.com.br\/blocodenotas\/oposicao-se-movimenta-por-bolsonaro-em-2026\/\" \/>\n<meta property=\"og:locale\" content=\"pt_BR\" \/>\n<meta property=\"og:type\" content=\"article\" \/>\n<meta property=\"og:title\" content=\"Oposi\u00e7\u00e3o se movimenta por Bolsonaro em 2026 | Bloco de notas\" \/>\n<meta property=\"og:description\" content=\"At\u00e9 o presidente Lula comentou a possibilidade de enfrentar o, hoje ineleg\u00edvel, ex-presidente nas pr\u00f3ximas elei\u00e7\u00f5es presidenciais\" \/>\n<meta property=\"og:url\" content=\"https:\/\/newblogs.correiobraziliense.com.br\/blocodenotas\/oposicao-se-movimenta-por-bolsonaro-em-2026\/\" \/>\n<meta property=\"og:site_name\" content=\"Bloco de notas\" \/>\n<meta property=\"article:published_time\" content=\"2025-02-06T01:47:00+00:00\" \/>\n<meta property=\"article:modified_time\" content=\"2025-02-06T01:47:01+00:00\" \/>\n<meta property=\"og:image\" content=\"https:\/\/newblogs.correiobraziliense.com.br\/blocodenotas\/wp-content\/uploads\/sites\/3\/2024\/07\/lulabolsonaro.jpg\" \/>\n\t<meta property=\"og:image:width\" content=\"1024\" \/>\n\t<meta property=\"og:image:height\" content=\"576\" \/>\n\t<meta property=\"og:image:type\" content=\"image\/jpeg\" \/>\n<meta name=\"author\" content=\"Diego Amorim\" \/>\n<!-- \/ Yoast SEO plugin. -->","yoast_head_json":{"title":"Oposi\u00e7\u00e3o se movimenta por Bolsonaro em 2026 | Bloco de notas","description":"At\u00e9 o presidente Lula comentou a possibilidade de enfrentar o, hoje ineleg\u00edvel, ex-presidente nas pr\u00f3ximas elei\u00e7\u00f5es presidenciais","robots":{"index":"index","follow":"follow","max-snippet":"max-snippet:-1","max-image-preview":"max-image-preview:large","max-video-preview":"max-video-preview:-1"},"canonical":"https:\/\/newblogs.correiobraziliense.com.br\/blocodenotas\/oposicao-se-movimenta-por-bolsonaro-em-2026\/","og_locale":"pt_BR","og_type":"article","og_title":"Oposi\u00e7\u00e3o se movimenta por Bolsonaro em 2026 | Bloco de notas","og_description":"At\u00e9 o presidente Lula comentou a possibilidade de enfrentar o, hoje ineleg\u00edvel, ex-presidente nas pr\u00f3ximas elei\u00e7\u00f5es presidenciais","og_url":"https:\/\/newblogs.correiobraziliense.com.br\/blocodenotas\/oposicao-se-movimenta-por-bolsonaro-em-2026\/","og_site_name":"Bloco de notas","article_published_time":"2025-02-06T01:47:00+00:00","article_modified_time":"2025-02-06T01:47:01+00:00","og_image":[{"width":1024,"height":576,"url":"https:\/\/newblogs.correiobraziliense.com.br\/blocodenotas\/wp-content\/uploads\/sites\/3\/2024\/07\/lulabolsonaro.jpg","type":"image\/jpeg"}],"author":"Diego Amorim","schema":{"@context":"https:\/\/schema.org","@graph":[{"@type":"NewsArticle","@id":"https:\/\/newblogs.correiobraziliense.com.br\/blocodenotas\/oposicao-se-movimenta-por-bolsonaro-em-2026\/#article","isPartOf":{"@id":"https:\/\/newblogs.correiobraziliense.com.br\/blocodenotas\/oposicao-se-movimenta-por-bolsonaro-em-2026\/"},"author":{"name":"Diego Amorim","@id":"https:\/\/newblogs.correiobraziliense.com.br\/blocodenotas\/#\/schema\/person\/a0fff7bd726973b92d5492e165bc4dde"},"headline":"Oposi\u00e7\u00e3o se movimenta por Bolsonaro em 2026","datePublished":"2025-02-06T01:47:00+00:00","dateModified":"2025-02-06T01:47:01+00:00","mainEntityOfPage":{"@id":"https:\/\/newblogs.correiobraziliense.com.br\/blocodenotas\/oposicao-se-movimenta-por-bolsonaro-em-2026\/"},"wordCount":167,"image":{"@id":"https:\/\/newblogs.correiobraziliense.com.br\/blocodenotas\/oposicao-se-movimenta-por-bolsonaro-em-2026\/#primaryimage"},"thumbnailUrl":"https:\/\/newblogs.correiobraziliense.com.br\/blocodenotas\/wp-content\/uploads\/sites\/3\/2024\/07\/lulabolsonaro.jpg","keywords":["Bloco de Notas","Correio Braziliense","Diego Amorim","Elei\u00e7\u00f5es 2026","Hugo Motta","Jair Bolsonaro"],"articleSection":["Programa"],"inLanguage":"pt-BR"},{"@type":"WebPage","@id":"https:\/\/newblogs.correiobraziliense.com.br\/blocodenotas\/oposicao-se-movimenta-por-bolsonaro-em-2026\/","url":"https:\/\/newblogs.correiobraziliense.com.br\/blocodenotas\/oposicao-se-movimenta-por-bolsonaro-em-2026\/","name":"Oposi\u00e7\u00e3o se movimenta por Bolsonaro em 2026 | Bloco de notas","isPartOf":{"@id":"https:\/\/newblogs.correiobraziliense.com.br\/blocodenotas\/#website"},"primaryImageOfPage":{"@id":"https:\/\/newblogs.correiobraziliense.com.br\/blocodenotas\/oposicao-se-movimenta-por-bolsonaro-em-2026\/#primaryimage"},"image":{"@id":"https:\/\/newblogs.correiobraziliense.com.br\/blocodenotas\/oposicao-se-movimenta-por-bolsonaro-em-2026\/#primaryimage"},"thumbnailUrl":"https:\/\/newblogs.correiobraziliense.com.br\/blocodenotas\/wp-content\/uploads\/sites\/3\/2024\/07\/lulabolsonaro.jpg","datePublished":"2025-02-06T01:47:00+00:00","dateModified":"2025-02-06T01:47:01+00:00","author":{"@id":"https:\/\/newblogs.correiobraziliense.com.br\/blocodenotas\/#\/schema\/person\/a0fff7bd726973b92d5492e165bc4dde"},"description":"At\u00e9 o presidente Lula comentou a possibilidade de enfrentar o, hoje ineleg\u00edvel, ex-presidente nas pr\u00f3ximas elei\u00e7\u00f5es presidenciais","breadcrumb":{"@id":"https:\/\/newblogs.correiobraziliense.com.br\/blocodenotas\/oposicao-se-movimenta-por-bolsonaro-em-2026\/#breadcrumb"},"inLanguage":"pt-BR","potentialAction":[{"@type":"ReadAction","target":["https:\/\/newblogs.correiobraziliense.com.br\/blocodenotas\/oposicao-se-movimenta-por-bolsonaro-em-2026\/"]}]},{"@type":"ImageObject","inLanguage":"pt-BR","@id":"https:\/\/newblogs.correiobraziliense.com.br\/blocodenotas\/oposicao-se-movimenta-por-bolsonaro-em-2026\/#primaryimage","url":"https:\/\/newblogs.correiobraziliense.com.br\/blocodenotas\/wp-content\/uploads\/sites\/3\/2024\/07\/lulabolsonaro.jpg","contentUrl":"https:\/\/newblogs.correiobraziliense.com.br\/blocodenotas\/wp-content\/uploads\/sites\/3\/2024\/07\/lulabolsonaro.jpg","width":1024,"height":576,"caption":"Ag\u00eancia Brasil e Alan Santos\/PR"},{"@type":"BreadcrumbList","@id":"https:\/\/newblogs.correiobraziliense.com.br\/blocodenotas\/oposicao-se-movimenta-por-bolsonaro-em-2026\/#breadcrumb","itemListElement":[{"@type":"ListItem","position":1,"name":"In\u00edcio","item":"https:\/\/newblogs.correiobraziliense.com.br\/blocodenotas\/"},{"@type":"ListItem","position":2,"name":"Programa","item":"https:\/\/newblogs.correiobraziliense.com.br\/blocodenotas\/programa\/"},{"@type":"ListItem","position":3,"name":"Oposi\u00e7\u00e3o se movimenta por Bolsonaro em 2026"}]},{"@type":"WebSite","@id":"https:\/\/newblogs.correiobraziliense.com.br\/blocodenotas\/#website","url":"https:\/\/newblogs.correiobraziliense.com.br\/blocodenotas\/","name":"Bloco de notas","description":"Este espa\u00e7o ser\u00e1, a partir de hoje, o meu bloco de notas compartilhado com voc\u00ea. E, assim, poder\u00e1 ser tamb\u00e9m o seu bloco de notas. Vou dividir e organizar com voc\u00ea minhas anota\u00e7\u00f5es sobre os fatos da pol\u00edtica, da economia, da vida.","potentialAction":[{"@type":"SearchAction","target":{"@type":"EntryPoint","urlTemplate":"https:\/\/newblogs.correiobraziliense.com.br\/blocodenotas\/?s={search_term_string}"},"query-input":{"@type":"PropertyValueSpecification","valueRequired":true,"valueName":"search_term_string"}}],"inLanguage":"pt-BR"},{"@type":"Person","@id":"https:\/\/newblogs.correiobraziliense.com.br\/blocodenotas\/#\/schema\/person\/a0fff7bd726973b92d5492e165bc4dde","name":"Diego Amorim","image":{"@type":"ImageObject","inLanguage":"pt-BR","@id":"https:\/\/secure.gravatar.com\/avatar\/149eb8ed1dc6e36ec770263cc2075b004439befcd6b992ea240dcafb217cc5bf?s=96&d=mm&r=g","url":"https:\/\/secure.gravatar.com\/avatar\/149eb8ed1dc6e36ec770263cc2075b004439befcd6b992ea240dcafb217cc5bf?s=96&d=mm&r=g","contentUrl":"https:\/\/secure.gravatar.com\/avatar\/149eb8ed1dc6e36ec770263cc2075b004439befcd6b992ea240dcafb217cc5bf?s=96&d=mm&r=g","caption":"Diego Amorim"},"description":"Diego Amorim \u00e9 um dos jornalistas mais premiados de Bras\u00edlia. Com carreira no Correio Braziliense e passagens por ve\u00edculos como Blog do Noblat e O Antagonista, atualmente \u00e9 diretor-executivo e \u00e2ncora da Novabrasil FM na capital federal.","url":"https:\/\/newblogs.correiobraziliense.com.br\/blocodenotas\/author\/diegoamorim\/"}]}},"_links":{"self":[{"href":"https:\/\/newblogs.correiobraziliense.com.br\/blocodenotas\/wp-json\/wp\/v2\/posts\/458","targetHints":{"allow":["GET"]}}],"collection":[{"href":"https:\/\/newblogs.correiobraziliense.com.br\/blocodenotas\/wp-json\/wp\/v2\/posts"}],"about":[{"href":"https:\/\/newblogs.correiobraziliense.com.br\/blocodenotas\/wp-json\/wp\/v2\/types\/post"}],"author":[{"embeddable":true,"href":"https:\/\/newblogs.correiobraziliense.com.br\/blocodenotas\/wp-json\/wp\/v2\/users\/5"}],"replies":[{"embeddable":true,"href":"https:\/\/newblogs.correiobraziliense.com.br\/blocodenotas\/wp-json\/wp\/v2\/comments?post=458"}],"version-history":[{"count":1,"href":"https:\/\/newblogs.correiobraziliense.com.br\/blocodenotas\/wp-json\/wp\/v2\/posts\/458\/revisions"}],"predecessor-version":[{"id":459,"href":"https:\/\/newblogs.correiobraziliense.com.br\/blocodenotas\/wp-json\/wp\/v2\/posts\/458\/revisions\/459"}],"wp:featuredmedia":[{"embeddable":true,"href":"https:\/\/newblogs.correiobraziliense.com.br\/blocodenotas\/wp-json\/wp\/v2\/media\/249"}],"wp:attachment":[{"href":"https:\/\/newblogs.correiobraziliense.com.br\/blocodenotas\/wp-json\/wp\/v2\/media?parent=458"}],"wp:term":[{"taxonomy":"category","embeddable":true,"href":"https:\/\/newblogs.correiobraziliense.com.br\/blocodenotas\/wp-json\/wp\/v2\/categories?post=458"},{"taxonomy":"post_tag","embeddable":true,"href":"https:\/\/newblogs.correiobraziliense.com.br\/blocodenotas\/wp-json\/wp\/v2\/tags?post=458"}],"curies":[{"name":"wp","href":"https:\/\/api.w.org\/{rel}","templated":true}]}}