{"id":449,"date":"2025-01-15T17:39:56","date_gmt":"2025-01-15T20:39:56","guid":{"rendered":"https:\/\/newblogs.correiobraziliense.com.br\/blocodenotas\/?p=449"},"modified":"2025-01-15T17:39:57","modified_gmt":"2025-01-15T20:39:57","slug":"governo-revoga-medida-da-receita-em-meio-a-crise-do-pix","status":"publish","type":"post","link":"https:\/\/newblogs.correiobraziliense.com.br\/blocodenotas\/governo-revoga-medida-da-receita-em-meio-a-crise-do-pix\/","title":{"rendered":"Governo revoga medida da Receita em meio \u00e0 &#8216;crise do Pix&#8217;"},"content":{"rendered":"\n<p>No Bloco de Notas desta quarta-feira (15\/1), Diego Amorim traz as \u00faltimas atualiza\u00e7\u00f5es sobre a complexa crise comunicacional que o governo Lula est\u00e1 enfrentando atualmente. A pol\u00eamica gira em torno da suposta taxa\u00e7\u00e3o do Pix, uma ferramenta de pagamento instant\u00e2neo amplamente utilizada por milh\u00f5es de brasileiros. Nos \u00faltimos dias, o n\u00famero de not\u00edcias falsas sobre a poss\u00edvel taxa\u00e7\u00e3o do Pix disparou nas redes sociais, causando grande preocupa\u00e7\u00e3o no Pal\u00e1cio do Planalto.<\/p>\n\n\n\n<p>Essas fake news t\u00eam gerado um clima de incerteza e desconfian\u00e7a entre os cidad\u00e3os, que temem que a implementa\u00e7\u00e3o de uma taxa possa prejudicar a utiliza\u00e7\u00e3o do Pix, um sistema que trouxe grande praticidade e seguran\u00e7a para as transa\u00e7\u00f5es financeiras di\u00e1rias. Diante da repercuss\u00e3o negativa e da dissemina\u00e7\u00e3o desenfreada dessas informa\u00e7\u00f5es falsas, o governo Lula tem enfrentado grandes desafios para esclarecer a situa\u00e7\u00e3o e conter os danos \u00e0 sua imagem.<\/p>\n\n\n\n<p>Agravou a crise, a a\u00e7\u00e3o do deputado federal Nikolas Ferreira. Conhecido por sua presen\u00e7a marcante nas redes sociais e sua capacidade de mobiliza\u00e7\u00e3o, Nikolas gravou um v\u00eddeo abordando o assunto da suposta taxa\u00e7\u00e3o do Pix. O v\u00eddeo rapidamente se tornou viral, alcan\u00e7ando milh\u00f5es de visualiza\u00e7\u00f5es em poucas horas. No conte\u00fado, Nikolas expressou sua indigna\u00e7\u00e3o com a medida e fez duras cr\u00edticas ao governo, inflamando ainda mais o debate p\u00fablico.<\/p>\n\n\n\n<p>A repercuss\u00e3o do v\u00eddeo de Nikolas Ferreira aumentou significativamente a press\u00e3o sobre o governo, que se viu obrigado a reconsiderar a medida proposta pela Receita Federal. Autoridades do governo t\u00eam trabalhado incansavelmente para desmentir as informa\u00e7\u00f5es falsas e tranquilizar a popula\u00e7\u00e3o sobre o futuro do Pix. Al\u00e9m disso, est\u00e3o buscando estrat\u00e9gias eficazes para combater a dissemina\u00e7\u00e3o de fake news, que t\u00eam se mostrado um grande obst\u00e1culo na comunica\u00e7\u00e3o com os cidad\u00e3os. Confira:<\/p>\n\n\n\n<figure class=\"wp-block-embed is-type-video is-provider-youtube wp-block-embed-youtube wp-embed-aspect-16-9 wp-has-aspect-ratio\"><div class=\"wp-block-embed__wrapper\">\n<iframe loading=\"lazy\" title=\"\ud83d\udd34 CRISE DO PIX: FAKE NEWS SE ESPALHAM E FOR\u00c7AM GOVERNO A MUDAR PORTARIA DA RECEITA | BLOCO DE NOTAS\" width=\"640\" height=\"360\" src=\"https:\/\/www.youtube.com\/embed\/boQkx-t4-5Q?feature=oembed\" frameborder=\"0\" allow=\"accelerometer; autoplay; clipboard-write; encrypted-media; gyroscope; picture-in-picture; web-share\" referrerpolicy=\"strict-origin-when-cross-origin\" allowfullscreen><\/iframe>\n<\/div><\/figure>\n","protected":false},"excerpt":{"rendered":"<p>Crise na comunica\u00e7\u00e3o sobre o Pix faz governo revogar medida<\/p>\n","protected":false},"author":5,"featured_media":252,"comment_status":"closed","ping_status":"open","sticky":false,"template":"","format":"standard","meta":{"_acf_changed":false,"inline_featured_image":false,"footnotes":""},"categories":[57],"tags":[11,13,12,224],"class_list":["post-449","post","type-post","status-publish","format-standard","has-post-thumbnail","hentry","category-programa","tag-bloco-de-notas","tag-correio-braziliense","tag-diego-amorim","tag-pix"],"acf":[],"yoast_head":"<!-- This site is optimized with the Yoast SEO plugin v27.3 - https:\/\/yoast.com\/product\/yoast-seo-wordpress\/ -->\n<title>Governo revoga medida da Receita em meio \u00e0 &#039;crise do Pix&#039; | Bloco de notas<\/title>\n<meta name=\"description\" content=\"Crise na comunica\u00e7\u00e3o sobre o Pix faz governo revogar medida\" \/>\n<meta name=\"robots\" content=\"index, follow, max-snippet:-1, max-image-preview:large, max-video-preview:-1\" \/>\n<link rel=\"canonical\" href=\"https:\/\/newblogs.correiobraziliense.com.br\/blocodenotas\/governo-revoga-medida-da-receita-em-meio-a-crise-do-pix\/\" \/>\n<meta property=\"og:locale\" content=\"pt_BR\" \/>\n<meta property=\"og:type\" content=\"article\" \/>\n<meta property=\"og:title\" content=\"Governo revoga medida da Receita em meio \u00e0 &#039;crise do Pix&#039; | Bloco de notas\" \/>\n<meta property=\"og:description\" content=\"Crise na comunica\u00e7\u00e3o sobre o Pix faz governo revogar medida\" \/>\n<meta property=\"og:url\" content=\"https:\/\/newblogs.correiobraziliense.com.br\/blocodenotas\/governo-revoga-medida-da-receita-em-meio-a-crise-do-pix\/\" \/>\n<meta property=\"og:site_name\" content=\"Bloco de notas\" \/>\n<meta property=\"article:published_time\" content=\"2025-01-15T20:39:56+00:00\" \/>\n<meta property=\"article:modified_time\" content=\"2025-01-15T20:39:57+00:00\" \/>\n<meta property=\"og:image\" content=\"https:\/\/newblogs.correiobraziliense.com.br\/blocodenotas\/wp-content\/uploads\/sites\/3\/2024\/07\/53835658868_fac9dba09b_w.jpg\" \/>\n\t<meta property=\"og:image:width\" content=\"400\" \/>\n\t<meta property=\"og:image:height\" content=\"225\" \/>\n\t<meta property=\"og:image:type\" content=\"image\/jpeg\" \/>\n<meta name=\"author\" content=\"Diego Amorim\" \/>\n<!-- \/ Yoast SEO plugin. -->","yoast_head_json":{"title":"Governo revoga medida da Receita em meio \u00e0 'crise do Pix' | Bloco de notas","description":"Crise na comunica\u00e7\u00e3o sobre o Pix faz governo revogar medida","robots":{"index":"index","follow":"follow","max-snippet":"max-snippet:-1","max-image-preview":"max-image-preview:large","max-video-preview":"max-video-preview:-1"},"canonical":"https:\/\/newblogs.correiobraziliense.com.br\/blocodenotas\/governo-revoga-medida-da-receita-em-meio-a-crise-do-pix\/","og_locale":"pt_BR","og_type":"article","og_title":"Governo revoga medida da Receita em meio \u00e0 'crise do Pix' | Bloco de notas","og_description":"Crise na comunica\u00e7\u00e3o sobre o Pix faz governo revogar medida","og_url":"https:\/\/newblogs.correiobraziliense.com.br\/blocodenotas\/governo-revoga-medida-da-receita-em-meio-a-crise-do-pix\/","og_site_name":"Bloco de notas","article_published_time":"2025-01-15T20:39:56+00:00","article_modified_time":"2025-01-15T20:39:57+00:00","og_image":[{"width":400,"height":225,"url":"https:\/\/newblogs.correiobraziliense.com.br\/blocodenotas\/wp-content\/uploads\/sites\/3\/2024\/07\/53835658868_fac9dba09b_w.jpg","type":"image\/jpeg"}],"author":"Diego Amorim","schema":{"@context":"https:\/\/schema.org","@graph":[{"@type":"NewsArticle","@id":"https:\/\/newblogs.correiobraziliense.com.br\/blocodenotas\/governo-revoga-medida-da-receita-em-meio-a-crise-do-pix\/#article","isPartOf":{"@id":"https:\/\/newblogs.correiobraziliense.com.br\/blocodenotas\/governo-revoga-medida-da-receita-em-meio-a-crise-do-pix\/"},"author":{"name":"Diego Amorim","@id":"https:\/\/newblogs.correiobraziliense.com.br\/blocodenotas\/#\/schema\/person\/a0fff7bd726973b92d5492e165bc4dde"},"headline":"Governo revoga medida da Receita em meio \u00e0 &#8216;crise do Pix&#8217;","datePublished":"2025-01-15T20:39:56+00:00","dateModified":"2025-01-15T20:39:57+00:00","mainEntityOfPage":{"@id":"https:\/\/newblogs.correiobraziliense.com.br\/blocodenotas\/governo-revoga-medida-da-receita-em-meio-a-crise-do-pix\/"},"wordCount":346,"image":{"@id":"https:\/\/newblogs.correiobraziliense.com.br\/blocodenotas\/governo-revoga-medida-da-receita-em-meio-a-crise-do-pix\/#primaryimage"},"thumbnailUrl":"https:\/\/newblogs.correiobraziliense.com.br\/blocodenotas\/wp-content\/uploads\/sites\/3\/2024\/07\/53835658868_fac9dba09b_w.jpg","keywords":["Bloco de Notas","Correio Braziliense","Diego Amorim","Pix"],"articleSection":["Programa"],"inLanguage":"pt-BR"},{"@type":"WebPage","@id":"https:\/\/newblogs.correiobraziliense.com.br\/blocodenotas\/governo-revoga-medida-da-receita-em-meio-a-crise-do-pix\/","url":"https:\/\/newblogs.correiobraziliense.com.br\/blocodenotas\/governo-revoga-medida-da-receita-em-meio-a-crise-do-pix\/","name":"Governo revoga medida da Receita em meio \u00e0 'crise do Pix' | Bloco de notas","isPartOf":{"@id":"https:\/\/newblogs.correiobraziliense.com.br\/blocodenotas\/#website"},"primaryImageOfPage":{"@id":"https:\/\/newblogs.correiobraziliense.com.br\/blocodenotas\/governo-revoga-medida-da-receita-em-meio-a-crise-do-pix\/#primaryimage"},"image":{"@id":"https:\/\/newblogs.correiobraziliense.com.br\/blocodenotas\/governo-revoga-medida-da-receita-em-meio-a-crise-do-pix\/#primaryimage"},"thumbnailUrl":"https:\/\/newblogs.correiobraziliense.com.br\/blocodenotas\/wp-content\/uploads\/sites\/3\/2024\/07\/53835658868_fac9dba09b_w.jpg","datePublished":"2025-01-15T20:39:56+00:00","dateModified":"2025-01-15T20:39:57+00:00","author":{"@id":"https:\/\/newblogs.correiobraziliense.com.br\/blocodenotas\/#\/schema\/person\/a0fff7bd726973b92d5492e165bc4dde"},"description":"Crise na comunica\u00e7\u00e3o sobre o Pix faz governo revogar medida","breadcrumb":{"@id":"https:\/\/newblogs.correiobraziliense.com.br\/blocodenotas\/governo-revoga-medida-da-receita-em-meio-a-crise-do-pix\/#breadcrumb"},"inLanguage":"pt-BR","potentialAction":[{"@type":"ReadAction","target":["https:\/\/newblogs.correiobraziliense.com.br\/blocodenotas\/governo-revoga-medida-da-receita-em-meio-a-crise-do-pix\/"]}]},{"@type":"ImageObject","inLanguage":"pt-BR","@id":"https:\/\/newblogs.correiobraziliense.com.br\/blocodenotas\/governo-revoga-medida-da-receita-em-meio-a-crise-do-pix\/#primaryimage","url":"https:\/\/newblogs.correiobraziliense.com.br\/blocodenotas\/wp-content\/uploads\/sites\/3\/2024\/07\/53835658868_fac9dba09b_w.jpg","contentUrl":"https:\/\/newblogs.correiobraziliense.com.br\/blocodenotas\/wp-content\/uploads\/sites\/3\/2024\/07\/53835658868_fac9dba09b_w.jpg","width":400,"height":225,"caption":"Ricardo Stuckert\/PR"},{"@type":"BreadcrumbList","@id":"https:\/\/newblogs.correiobraziliense.com.br\/blocodenotas\/governo-revoga-medida-da-receita-em-meio-a-crise-do-pix\/#breadcrumb","itemListElement":[{"@type":"ListItem","position":1,"name":"In\u00edcio","item":"https:\/\/newblogs.correiobraziliense.com.br\/blocodenotas\/"},{"@type":"ListItem","position":2,"name":"Programa","item":"https:\/\/newblogs.correiobraziliense.com.br\/blocodenotas\/programa\/"},{"@type":"ListItem","position":3,"name":"Governo revoga medida da Receita em meio \u00e0 &#8216;crise do Pix&#8217;"}]},{"@type":"WebSite","@id":"https:\/\/newblogs.correiobraziliense.com.br\/blocodenotas\/#website","url":"https:\/\/newblogs.correiobraziliense.com.br\/blocodenotas\/","name":"Bloco de notas","description":"Este espa\u00e7o ser\u00e1, a partir de hoje, o meu bloco de notas compartilhado com voc\u00ea. E, assim, poder\u00e1 ser tamb\u00e9m o seu bloco de notas. Vou dividir e organizar com voc\u00ea minhas anota\u00e7\u00f5es sobre os fatos da pol\u00edtica, da economia, da vida.","potentialAction":[{"@type":"SearchAction","target":{"@type":"EntryPoint","urlTemplate":"https:\/\/newblogs.correiobraziliense.com.br\/blocodenotas\/?s={search_term_string}"},"query-input":{"@type":"PropertyValueSpecification","valueRequired":true,"valueName":"search_term_string"}}],"inLanguage":"pt-BR"},{"@type":"Person","@id":"https:\/\/newblogs.correiobraziliense.com.br\/blocodenotas\/#\/schema\/person\/a0fff7bd726973b92d5492e165bc4dde","name":"Diego Amorim","image":{"@type":"ImageObject","inLanguage":"pt-BR","@id":"https:\/\/secure.gravatar.com\/avatar\/149eb8ed1dc6e36ec770263cc2075b004439befcd6b992ea240dcafb217cc5bf?s=96&d=mm&r=g","url":"https:\/\/secure.gravatar.com\/avatar\/149eb8ed1dc6e36ec770263cc2075b004439befcd6b992ea240dcafb217cc5bf?s=96&d=mm&r=g","contentUrl":"https:\/\/secure.gravatar.com\/avatar\/149eb8ed1dc6e36ec770263cc2075b004439befcd6b992ea240dcafb217cc5bf?s=96&d=mm&r=g","caption":"Diego Amorim"},"description":"Diego Amorim \u00e9 um dos jornalistas mais premiados de Bras\u00edlia. Com carreira no Correio Braziliense e passagens por ve\u00edculos como Blog do Noblat e O Antagonista, atualmente \u00e9 diretor-executivo e \u00e2ncora da Novabrasil FM na capital federal.","url":"https:\/\/newblogs.correiobraziliense.com.br\/blocodenotas\/author\/diegoamorim\/"}]}},"_links":{"self":[{"href":"https:\/\/newblogs.correiobraziliense.com.br\/blocodenotas\/wp-json\/wp\/v2\/posts\/449","targetHints":{"allow":["GET"]}}],"collection":[{"href":"https:\/\/newblogs.correiobraziliense.com.br\/blocodenotas\/wp-json\/wp\/v2\/posts"}],"about":[{"href":"https:\/\/newblogs.correiobraziliense.com.br\/blocodenotas\/wp-json\/wp\/v2\/types\/post"}],"author":[{"embeddable":true,"href":"https:\/\/newblogs.correiobraziliense.com.br\/blocodenotas\/wp-json\/wp\/v2\/users\/5"}],"replies":[{"embeddable":true,"href":"https:\/\/newblogs.correiobraziliense.com.br\/blocodenotas\/wp-json\/wp\/v2\/comments?post=449"}],"version-history":[{"count":1,"href":"https:\/\/newblogs.correiobraziliense.com.br\/blocodenotas\/wp-json\/wp\/v2\/posts\/449\/revisions"}],"predecessor-version":[{"id":450,"href":"https:\/\/newblogs.correiobraziliense.com.br\/blocodenotas\/wp-json\/wp\/v2\/posts\/449\/revisions\/450"}],"wp:featuredmedia":[{"embeddable":true,"href":"https:\/\/newblogs.correiobraziliense.com.br\/blocodenotas\/wp-json\/wp\/v2\/media\/252"}],"wp:attachment":[{"href":"https:\/\/newblogs.correiobraziliense.com.br\/blocodenotas\/wp-json\/wp\/v2\/media?parent=449"}],"wp:term":[{"taxonomy":"category","embeddable":true,"href":"https:\/\/newblogs.correiobraziliense.com.br\/blocodenotas\/wp-json\/wp\/v2\/categories?post=449"},{"taxonomy":"post_tag","embeddable":true,"href":"https:\/\/newblogs.correiobraziliense.com.br\/blocodenotas\/wp-json\/wp\/v2\/tags?post=449"}],"curies":[{"name":"wp","href":"https:\/\/api.w.org\/{rel}","templated":true}]}}