{"id":43,"date":"2024-04-25T17:30:00","date_gmt":"2024-04-25T20:30:00","guid":{"rendered":"https:\/\/newblogs.correiobraziliense.com.br\/blocodenotas\/?p=43"},"modified":"2024-05-04T15:16:26","modified_gmt":"2024-05-04T18:16:26","slug":"imposto-sindical-94-anos-de-jose-sarney-e-reajuste-no-funcionalismo","status":"publish","type":"post","link":"https:\/\/newblogs.correiobraziliense.com.br\/blocodenotas\/imposto-sindical-94-anos-de-jose-sarney-e-reajuste-no-funcionalismo\/","title":{"rendered":"Imposto sindical, 94 anos de Jos\u00e9 Sarney e reajuste no funcionalismo"},"content":{"rendered":"\n<p>Na edi\u00e7\u00e3o do Bloco de Notas de 25 de abril comentei a declara\u00e7\u00e3o do presidente da C\u00e2mara, deputado Arthur Lira (PP-AL), sobre a dificuldade de volta do imposto sindical obrigat\u00f3rio.<\/p>\n\n\n\n<p>Tamb\u00e9m abordei a festa de 94 anos do ex-presidente Jos\u00e9 Sarney e como ele ainda atua como observador e articulador pol\u00edtico em Bras\u00edlia.<\/p>\n\n\n\n<p>E ainda falei do passo dado na negocia\u00e7\u00e3o entre governo e servidores p\u00fablicos, com a confirma\u00e7\u00e3o de reajuste de benef\u00edcios.<\/p>\n","protected":false},"excerpt":{"rendered":"<p>Confira a \u00edntegra do programa no Correio Braziliense, que vai ao ar de segunda a sexta, a partir das 17h<\/p>\n","protected":false},"author":5,"featured_media":0,"comment_status":"closed","ping_status":"open","sticky":false,"template":"","format":"standard","meta":{"_acf_changed":false,"inline_featured_image":false,"footnotes":""},"categories":[2],"tags":[11,13,12,34,33,9],"class_list":["post-43","post","type-post","status-publish","format-standard","hentry","category-noticias","tag-bloco-de-notas","tag-correio-braziliense","tag-diego-amorim","tag-funcionalismo","tag-imposto-sindical","tag-jose-sarney"],"acf":[],"yoast_head":"<!-- This site is optimized with the Yoast SEO plugin v27.3 - https:\/\/yoast.com\/product\/yoast-seo-wordpress\/ -->\n<title>Imposto sindical, 94 anos de Jos\u00e9 Sarney e reajuste no funcionalismo | Bloco de notas<\/title>\n<meta name=\"description\" content=\"Confira a \u00edntegra do programa no Correio Braziliense, que vai ao ar de segunda a sexta, a partir das 17h\" \/>\n<meta name=\"robots\" content=\"index, follow, max-snippet:-1, max-image-preview:large, max-video-preview:-1\" \/>\n<link rel=\"canonical\" href=\"https:\/\/newblogs.correiobraziliense.com.br\/blocodenotas\/imposto-sindical-94-anos-de-jose-sarney-e-reajuste-no-funcionalismo\/\" \/>\n<meta property=\"og:locale\" content=\"pt_BR\" \/>\n<meta property=\"og:type\" content=\"article\" \/>\n<meta property=\"og:title\" content=\"Imposto sindical, 94 anos de Jos\u00e9 Sarney e reajuste no funcionalismo | Bloco de notas\" \/>\n<meta property=\"og:description\" content=\"Confira a \u00edntegra do programa no Correio Braziliense, que vai ao ar de segunda a sexta, a partir das 17h\" \/>\n<meta property=\"og:url\" content=\"https:\/\/newblogs.correiobraziliense.com.br\/blocodenotas\/imposto-sindical-94-anos-de-jose-sarney-e-reajuste-no-funcionalismo\/\" \/>\n<meta property=\"og:site_name\" content=\"Bloco de notas\" \/>\n<meta property=\"article:published_time\" content=\"2024-04-25T20:30:00+00:00\" \/>\n<meta property=\"article:modified_time\" content=\"2024-05-04T18:16:26+00:00\" \/>\n<meta name=\"author\" content=\"Diego Amorim\" \/>\n<!-- \/ Yoast SEO plugin. -->","yoast_head_json":{"title":"Imposto sindical, 94 anos de Jos\u00e9 Sarney e reajuste no funcionalismo | Bloco de notas","description":"Confira a \u00edntegra do programa no Correio Braziliense, que vai ao ar de segunda a sexta, a partir das 17h","robots":{"index":"index","follow":"follow","max-snippet":"max-snippet:-1","max-image-preview":"max-image-preview:large","max-video-preview":"max-video-preview:-1"},"canonical":"https:\/\/newblogs.correiobraziliense.com.br\/blocodenotas\/imposto-sindical-94-anos-de-jose-sarney-e-reajuste-no-funcionalismo\/","og_locale":"pt_BR","og_type":"article","og_title":"Imposto sindical, 94 anos de Jos\u00e9 Sarney e reajuste no funcionalismo | Bloco de notas","og_description":"Confira a \u00edntegra do programa no Correio Braziliense, que vai ao ar de segunda a sexta, a partir das 17h","og_url":"https:\/\/newblogs.correiobraziliense.com.br\/blocodenotas\/imposto-sindical-94-anos-de-jose-sarney-e-reajuste-no-funcionalismo\/","og_site_name":"Bloco de notas","article_published_time":"2024-04-25T20:30:00+00:00","article_modified_time":"2024-05-04T18:16:26+00:00","author":"Diego Amorim","schema":{"@context":"https:\/\/schema.org","@graph":[{"@type":"NewsArticle","@id":"https:\/\/newblogs.correiobraziliense.com.br\/blocodenotas\/imposto-sindical-94-anos-de-jose-sarney-e-reajuste-no-funcionalismo\/#article","isPartOf":{"@id":"https:\/\/newblogs.correiobraziliense.com.br\/blocodenotas\/imposto-sindical-94-anos-de-jose-sarney-e-reajuste-no-funcionalismo\/"},"author":{"name":"Diego Amorim","@id":"https:\/\/newblogs.correiobraziliense.com.br\/blocodenotas\/#\/schema\/person\/a0fff7bd726973b92d5492e165bc4dde"},"headline":"Imposto sindical, 94 anos de Jos\u00e9 Sarney e reajuste no funcionalismo","datePublished":"2024-04-25T20:30:00+00:00","dateModified":"2024-05-04T18:16:26+00:00","mainEntityOfPage":{"@id":"https:\/\/newblogs.correiobraziliense.com.br\/blocodenotas\/imposto-sindical-94-anos-de-jose-sarney-e-reajuste-no-funcionalismo\/"},"wordCount":92,"keywords":["Bloco de Notas","Correio Braziliense","Diego Amorim","funcionalismo","imposto sindical","jos\u00e9 sarney"],"articleSection":["Not\u00edcias"],"inLanguage":"pt-BR"},{"@type":"WebPage","@id":"https:\/\/newblogs.correiobraziliense.com.br\/blocodenotas\/imposto-sindical-94-anos-de-jose-sarney-e-reajuste-no-funcionalismo\/","url":"https:\/\/newblogs.correiobraziliense.com.br\/blocodenotas\/imposto-sindical-94-anos-de-jose-sarney-e-reajuste-no-funcionalismo\/","name":"Imposto sindical, 94 anos de Jos\u00e9 Sarney e reajuste no funcionalismo | Bloco de notas","isPartOf":{"@id":"https:\/\/newblogs.correiobraziliense.com.br\/blocodenotas\/#website"},"datePublished":"2024-04-25T20:30:00+00:00","dateModified":"2024-05-04T18:16:26+00:00","author":{"@id":"https:\/\/newblogs.correiobraziliense.com.br\/blocodenotas\/#\/schema\/person\/a0fff7bd726973b92d5492e165bc4dde"},"description":"Confira a \u00edntegra do programa no Correio Braziliense, que vai ao ar de segunda a sexta, a partir das 17h","breadcrumb":{"@id":"https:\/\/newblogs.correiobraziliense.com.br\/blocodenotas\/imposto-sindical-94-anos-de-jose-sarney-e-reajuste-no-funcionalismo\/#breadcrumb"},"inLanguage":"pt-BR","potentialAction":[{"@type":"ReadAction","target":["https:\/\/newblogs.correiobraziliense.com.br\/blocodenotas\/imposto-sindical-94-anos-de-jose-sarney-e-reajuste-no-funcionalismo\/"]}]},{"@type":"BreadcrumbList","@id":"https:\/\/newblogs.correiobraziliense.com.br\/blocodenotas\/imposto-sindical-94-anos-de-jose-sarney-e-reajuste-no-funcionalismo\/#breadcrumb","itemListElement":[{"@type":"ListItem","position":1,"name":"In\u00edcio","item":"https:\/\/newblogs.correiobraziliense.com.br\/blocodenotas\/"},{"@type":"ListItem","position":2,"name":"Not\u00edcias","item":"https:\/\/newblogs.correiobraziliense.com.br\/blocodenotas\/noticias\/"},{"@type":"ListItem","position":3,"name":"Imposto sindical, 94 anos de Jos\u00e9 Sarney e reajuste no funcionalismo"}]},{"@type":"WebSite","@id":"https:\/\/newblogs.correiobraziliense.com.br\/blocodenotas\/#website","url":"https:\/\/newblogs.correiobraziliense.com.br\/blocodenotas\/","name":"Bloco de notas","description":"Este espa\u00e7o ser\u00e1, a partir de hoje, o meu bloco de notas compartilhado com voc\u00ea. E, assim, poder\u00e1 ser tamb\u00e9m o seu bloco de notas. Vou dividir e organizar com voc\u00ea minhas anota\u00e7\u00f5es sobre os fatos da pol\u00edtica, da economia, da vida.","potentialAction":[{"@type":"SearchAction","target":{"@type":"EntryPoint","urlTemplate":"https:\/\/newblogs.correiobraziliense.com.br\/blocodenotas\/?s={search_term_string}"},"query-input":{"@type":"PropertyValueSpecification","valueRequired":true,"valueName":"search_term_string"}}],"inLanguage":"pt-BR"},{"@type":"Person","@id":"https:\/\/newblogs.correiobraziliense.com.br\/blocodenotas\/#\/schema\/person\/a0fff7bd726973b92d5492e165bc4dde","name":"Diego Amorim","image":{"@type":"ImageObject","inLanguage":"pt-BR","@id":"https:\/\/secure.gravatar.com\/avatar\/149eb8ed1dc6e36ec770263cc2075b004439befcd6b992ea240dcafb217cc5bf?s=96&d=mm&r=g","url":"https:\/\/secure.gravatar.com\/avatar\/149eb8ed1dc6e36ec770263cc2075b004439befcd6b992ea240dcafb217cc5bf?s=96&d=mm&r=g","contentUrl":"https:\/\/secure.gravatar.com\/avatar\/149eb8ed1dc6e36ec770263cc2075b004439befcd6b992ea240dcafb217cc5bf?s=96&d=mm&r=g","caption":"Diego Amorim"},"description":"Diego Amorim \u00e9 um dos jornalistas mais premiados de Bras\u00edlia. Com carreira no Correio Braziliense e passagens por ve\u00edculos como Blog do Noblat e O Antagonista, atualmente \u00e9 diretor-executivo e \u00e2ncora da Novabrasil FM na capital federal.","url":"https:\/\/newblogs.correiobraziliense.com.br\/blocodenotas\/author\/diegoamorim\/"}]}},"_links":{"self":[{"href":"https:\/\/newblogs.correiobraziliense.com.br\/blocodenotas\/wp-json\/wp\/v2\/posts\/43","targetHints":{"allow":["GET"]}}],"collection":[{"href":"https:\/\/newblogs.correiobraziliense.com.br\/blocodenotas\/wp-json\/wp\/v2\/posts"}],"about":[{"href":"https:\/\/newblogs.correiobraziliense.com.br\/blocodenotas\/wp-json\/wp\/v2\/types\/post"}],"author":[{"embeddable":true,"href":"https:\/\/newblogs.correiobraziliense.com.br\/blocodenotas\/wp-json\/wp\/v2\/users\/5"}],"replies":[{"embeddable":true,"href":"https:\/\/newblogs.correiobraziliense.com.br\/blocodenotas\/wp-json\/wp\/v2\/comments?post=43"}],"version-history":[{"count":1,"href":"https:\/\/newblogs.correiobraziliense.com.br\/blocodenotas\/wp-json\/wp\/v2\/posts\/43\/revisions"}],"predecessor-version":[{"id":44,"href":"https:\/\/newblogs.correiobraziliense.com.br\/blocodenotas\/wp-json\/wp\/v2\/posts\/43\/revisions\/44"}],"wp:attachment":[{"href":"https:\/\/newblogs.correiobraziliense.com.br\/blocodenotas\/wp-json\/wp\/v2\/media?parent=43"}],"wp:term":[{"taxonomy":"category","embeddable":true,"href":"https:\/\/newblogs.correiobraziliense.com.br\/blocodenotas\/wp-json\/wp\/v2\/categories?post=43"},{"taxonomy":"post_tag","embeddable":true,"href":"https:\/\/newblogs.correiobraziliense.com.br\/blocodenotas\/wp-json\/wp\/v2\/tags?post=43"}],"curies":[{"name":"wp","href":"https:\/\/api.w.org\/{rel}","templated":true}]}}