{"id":426,"date":"2024-11-15T21:27:40","date_gmt":"2024-11-16T00:27:40","guid":{"rendered":"https:\/\/newblogs.correiobraziliense.com.br\/blocodenotas\/?p=426"},"modified":"2024-11-15T21:27:41","modified_gmt":"2024-11-16T00:27:41","slug":"tudo-o-que-se-sabe-sobre-as-explosoes-na-praca-dos-tres-poderes","status":"publish","type":"post","link":"https:\/\/newblogs.correiobraziliense.com.br\/blocodenotas\/tudo-o-que-se-sabe-sobre-as-explosoes-na-praca-dos-tres-poderes\/","title":{"rendered":"Tudo o que se sabe sobre as explos\u00f5es na Pra\u00e7a dos Tr\u00eas Poderes"},"content":{"rendered":"\n<p>Raphael Tebbas traz as \u00faltimas atualiza\u00e7\u00f5es sobre os acontecimentos que marcaram a noite de quarta-feira (13\/11) e os desdobramentos atuais. Na noite de ontem, um ataque terrorista abalou a Pra\u00e7a dos Tr\u00eas Poderes, em Bras\u00edlia. O respons\u00e1vel pelo ataque, Francisco Wanderley Luiz, lan\u00e7ou um explosivo em dire\u00e7\u00e3o \u00e0 est\u00e1tua da Justi\u00e7a em frente ao Supremo Tribunal Federal (STF), resultando em sua pr\u00f3pria morte. As autoridades investigam o ocorrido, tratando-o como um ato de terrorismo planejado. O atentado despertou preocupa\u00e7\u00f5es sobre a seguran\u00e7a nos \u00f3rg\u00e3os p\u00fablicos e gerou diversas rea\u00e7\u00f5es entre l\u00edderes pol\u00edticos e a popula\u00e7\u00e3o.<\/p>\n\n\n\n<p>Em outro destaque, a proposta de emenda constitucional (PEC) que visa acabar com a escala de trabalho 6X1 ganhou apoio massivo da popula\u00e7\u00e3o. Diversos grupos organizar\u00e3o manifesta\u00e7\u00f5es em v\u00e1rias capitais na pr\u00f3xima sexta-feira (15\/11) para demonstrar esse apoio. No Congresso Nacional, a proposta est\u00e1 no centro das discuss\u00f5es e divide opini\u00f5es. Defensores argumentam que a mudan\u00e7a trar\u00e1 melhores condi\u00e7\u00f5es de trabalho e qualidade de vida para os trabalhadores, enquanto os cr\u00edticos temem impactos negativos na produtividade e na economia.<\/p>\n\n\n\n<p>No cen\u00e1rio internacional, a delega\u00e7\u00e3o da Argentina abandonou a Confer\u00eancia das Na\u00e7\u00f5es Unidas sobre Mudan\u00e7as Clim\u00e1ticas (COP29), que est\u00e1 sendo realizada em Baku, Azerbaij\u00e3o. A ordem veio diretamente do presidente Javier Milei, conhecido por sua postura controversa em rela\u00e7\u00e3o \u00e0s mudan\u00e7as clim\u00e1ticas. Milei nega a exist\u00eancia das mudan\u00e7as clim\u00e1ticas e considera as medidas de mitiga\u00e7\u00e3o uma imposi\u00e7\u00e3o da ONU, causando tens\u00e3o entre os pa\u00edses participantes e ativistas ambientais.<\/p>\n\n\n\n<p>Assista agora:<\/p>\n\n\n\n<figure class=\"wp-block-embed is-type-video is-provider-youtube wp-block-embed-youtube wp-embed-aspect-16-9 wp-has-aspect-ratio\"><div class=\"wp-block-embed__wrapper\">\n<iframe loading=\"lazy\" title=\"\ud83d\udd34 BOMBAS NA PRA\u00c7A DOS TR\u00caS PODERES; PEC 6X1 GANHA APOIO MASSIVO DA POPULA\u00c7\u00c3O E + | BLOCO DE NOTAS\" width=\"640\" height=\"360\" src=\"https:\/\/www.youtube.com\/embed\/_589gEaLFao?feature=oembed\" frameborder=\"0\" allow=\"accelerometer; autoplay; clipboard-write; encrypted-media; gyroscope; picture-in-picture; web-share\" referrerpolicy=\"strict-origin-when-cross-origin\" allowfullscreen><\/iframe>\n<\/div><\/figure>\n\n\n\n\n","protected":false},"excerpt":{"rendered":"<p>Um homem morreu ap\u00f3s arremessar um explosivo na est\u00e1tua da Justi\u00e7a, em frente ao Supremo Tribunal Federal (STF). Al\u00e9m disso, PEC do fim da escala 6X1 ganhou apoio massivo da popula\u00e7\u00e3o, que realizar\u00e1 um ato em v\u00e1rias capitais na pr\u00f3xima sexta-feira<\/p>\n","protected":false},"author":5,"featured_media":427,"comment_status":"closed","ping_status":"open","sticky":false,"template":"","format":"standard","meta":{"_acf_changed":false,"inline_featured_image":false,"footnotes":""},"categories":[57],"tags":[11,13,12,298,6,299],"class_list":["post-426","post","type-post","status-publish","format-standard","has-post-thumbnail","hentry","category-programa","tag-bloco-de-notas","tag-correio-braziliense","tag-diego-amorim","tag-francisco-wanderly-luiz","tag-lula","tag-tiu-franca"],"acf":[],"yoast_head":"<!-- This site is optimized with the Yoast SEO plugin v27.3 - https:\/\/yoast.com\/product\/yoast-seo-wordpress\/ -->\n<title>Tudo o que se sabe sobre as explos\u00f5es na Pra\u00e7a dos Tr\u00eas Poderes | Bloco de notas<\/title>\n<meta name=\"description\" content=\"Um homem morreu ap\u00f3s arremessar um explosivo na est\u00e1tua da Justi\u00e7a, em frente ao Supremo Tribunal Federal (STF). Al\u00e9m disso, PEC do fim da escala 6X1 ganhou apoio massivo da popula\u00e7\u00e3o, que realizar\u00e1 um ato em v\u00e1rias capitais na pr\u00f3xima sexta-feira\" \/>\n<meta name=\"robots\" content=\"index, follow, max-snippet:-1, max-image-preview:large, max-video-preview:-1\" \/>\n<link rel=\"canonical\" href=\"https:\/\/newblogs.correiobraziliense.com.br\/blocodenotas\/tudo-o-que-se-sabe-sobre-as-explosoes-na-praca-dos-tres-poderes\/\" \/>\n<meta property=\"og:locale\" content=\"pt_BR\" \/>\n<meta property=\"og:type\" content=\"article\" \/>\n<meta property=\"og:title\" content=\"Tudo o que se sabe sobre as explos\u00f5es na Pra\u00e7a dos Tr\u00eas Poderes | Bloco de notas\" \/>\n<meta property=\"og:description\" content=\"Um homem morreu ap\u00f3s arremessar um explosivo na est\u00e1tua da Justi\u00e7a, em frente ao Supremo Tribunal Federal (STF). Al\u00e9m disso, PEC do fim da escala 6X1 ganhou apoio massivo da popula\u00e7\u00e3o, que realizar\u00e1 um ato em v\u00e1rias capitais na pr\u00f3xima sexta-feira\" \/>\n<meta property=\"og:url\" content=\"https:\/\/newblogs.correiobraziliense.com.br\/blocodenotas\/tudo-o-que-se-sabe-sobre-as-explosoes-na-praca-dos-tres-poderes\/\" \/>\n<meta property=\"og:site_name\" content=\"Bloco de notas\" \/>\n<meta property=\"article:published_time\" content=\"2024-11-16T00:27:40+00:00\" \/>\n<meta property=\"article:modified_time\" content=\"2024-11-16T00:27:41+00:00\" \/>\n<meta property=\"og:image\" content=\"https:\/\/newblogs.correiobraziliense.com.br\/blocodenotas\/wp-content\/uploads\/sites\/3\/2024\/11\/mg_5591.webp\" \/>\n\t<meta property=\"og:image:width\" content=\"1170\" \/>\n\t<meta property=\"og:image:height\" content=\"700\" \/>\n\t<meta property=\"og:image:type\" content=\"image\/webp\" \/>\n<meta name=\"author\" content=\"Diego Amorim\" \/>\n<!-- \/ Yoast SEO plugin. -->","yoast_head_json":{"title":"Tudo o que se sabe sobre as explos\u00f5es na Pra\u00e7a dos Tr\u00eas Poderes | Bloco de notas","description":"Um homem morreu ap\u00f3s arremessar um explosivo na est\u00e1tua da Justi\u00e7a, em frente ao Supremo Tribunal Federal (STF). Al\u00e9m disso, PEC do fim da escala 6X1 ganhou apoio massivo da popula\u00e7\u00e3o, que realizar\u00e1 um ato em v\u00e1rias capitais na pr\u00f3xima sexta-feira","robots":{"index":"index","follow":"follow","max-snippet":"max-snippet:-1","max-image-preview":"max-image-preview:large","max-video-preview":"max-video-preview:-1"},"canonical":"https:\/\/newblogs.correiobraziliense.com.br\/blocodenotas\/tudo-o-que-se-sabe-sobre-as-explosoes-na-praca-dos-tres-poderes\/","og_locale":"pt_BR","og_type":"article","og_title":"Tudo o que se sabe sobre as explos\u00f5es na Pra\u00e7a dos Tr\u00eas Poderes | Bloco de notas","og_description":"Um homem morreu ap\u00f3s arremessar um explosivo na est\u00e1tua da Justi\u00e7a, em frente ao Supremo Tribunal Federal (STF). Al\u00e9m disso, PEC do fim da escala 6X1 ganhou apoio massivo da popula\u00e7\u00e3o, que realizar\u00e1 um ato em v\u00e1rias capitais na pr\u00f3xima sexta-feira","og_url":"https:\/\/newblogs.correiobraziliense.com.br\/blocodenotas\/tudo-o-que-se-sabe-sobre-as-explosoes-na-praca-dos-tres-poderes\/","og_site_name":"Bloco de notas","article_published_time":"2024-11-16T00:27:40+00:00","article_modified_time":"2024-11-16T00:27:41+00:00","og_image":[{"width":1170,"height":700,"url":"https:\/\/newblogs.correiobraziliense.com.br\/blocodenotas\/wp-content\/uploads\/sites\/3\/2024\/11\/mg_5591.webp","type":"image\/webp"}],"author":"Diego Amorim","schema":{"@context":"https:\/\/schema.org","@graph":[{"@type":"NewsArticle","@id":"https:\/\/newblogs.correiobraziliense.com.br\/blocodenotas\/tudo-o-que-se-sabe-sobre-as-explosoes-na-praca-dos-tres-poderes\/#article","isPartOf":{"@id":"https:\/\/newblogs.correiobraziliense.com.br\/blocodenotas\/tudo-o-que-se-sabe-sobre-as-explosoes-na-praca-dos-tres-poderes\/"},"author":{"name":"Diego Amorim","@id":"https:\/\/newblogs.correiobraziliense.com.br\/blocodenotas\/#\/schema\/person\/a0fff7bd726973b92d5492e165bc4dde"},"headline":"Tudo o que se sabe sobre as explos\u00f5es na Pra\u00e7a dos Tr\u00eas Poderes","datePublished":"2024-11-16T00:27:40+00:00","dateModified":"2024-11-16T00:27:41+00:00","mainEntityOfPage":{"@id":"https:\/\/newblogs.correiobraziliense.com.br\/blocodenotas\/tudo-o-que-se-sabe-sobre-as-explosoes-na-praca-dos-tres-poderes\/"},"wordCount":306,"image":{"@id":"https:\/\/newblogs.correiobraziliense.com.br\/blocodenotas\/tudo-o-que-se-sabe-sobre-as-explosoes-na-praca-dos-tres-poderes\/#primaryimage"},"thumbnailUrl":"https:\/\/newblogs.correiobraziliense.com.br\/blocodenotas\/wp-content\/uploads\/sites\/3\/2024\/11\/mg_5591.webp","keywords":["Bloco de Notas","Correio Braziliense","Diego Amorim","Francisco Wanderly Luiz","Lula","TIu Fran\u00e7a"],"articleSection":["Programa"],"inLanguage":"pt-BR"},{"@type":"WebPage","@id":"https:\/\/newblogs.correiobraziliense.com.br\/blocodenotas\/tudo-o-que-se-sabe-sobre-as-explosoes-na-praca-dos-tres-poderes\/","url":"https:\/\/newblogs.correiobraziliense.com.br\/blocodenotas\/tudo-o-que-se-sabe-sobre-as-explosoes-na-praca-dos-tres-poderes\/","name":"Tudo o que se sabe sobre as explos\u00f5es na Pra\u00e7a dos Tr\u00eas Poderes | Bloco de notas","isPartOf":{"@id":"https:\/\/newblogs.correiobraziliense.com.br\/blocodenotas\/#website"},"primaryImageOfPage":{"@id":"https:\/\/newblogs.correiobraziliense.com.br\/blocodenotas\/tudo-o-que-se-sabe-sobre-as-explosoes-na-praca-dos-tres-poderes\/#primaryimage"},"image":{"@id":"https:\/\/newblogs.correiobraziliense.com.br\/blocodenotas\/tudo-o-que-se-sabe-sobre-as-explosoes-na-praca-dos-tres-poderes\/#primaryimage"},"thumbnailUrl":"https:\/\/newblogs.correiobraziliense.com.br\/blocodenotas\/wp-content\/uploads\/sites\/3\/2024\/11\/mg_5591.webp","datePublished":"2024-11-16T00:27:40+00:00","dateModified":"2024-11-16T00:27:41+00:00","author":{"@id":"https:\/\/newblogs.correiobraziliense.com.br\/blocodenotas\/#\/schema\/person\/a0fff7bd726973b92d5492e165bc4dde"},"description":"Um homem morreu ap\u00f3s arremessar um explosivo na est\u00e1tua da Justi\u00e7a, em frente ao Supremo Tribunal Federal (STF). Al\u00e9m disso, PEC do fim da escala 6X1 ganhou apoio massivo da popula\u00e7\u00e3o, que realizar\u00e1 um ato em v\u00e1rias capitais na pr\u00f3xima sexta-feira","breadcrumb":{"@id":"https:\/\/newblogs.correiobraziliense.com.br\/blocodenotas\/tudo-o-que-se-sabe-sobre-as-explosoes-na-praca-dos-tres-poderes\/#breadcrumb"},"inLanguage":"pt-BR","potentialAction":[{"@type":"ReadAction","target":["https:\/\/newblogs.correiobraziliense.com.br\/blocodenotas\/tudo-o-que-se-sabe-sobre-as-explosoes-na-praca-dos-tres-poderes\/"]}]},{"@type":"ImageObject","inLanguage":"pt-BR","@id":"https:\/\/newblogs.correiobraziliense.com.br\/blocodenotas\/tudo-o-que-se-sabe-sobre-as-explosoes-na-praca-dos-tres-poderes\/#primaryimage","url":"https:\/\/newblogs.correiobraziliense.com.br\/blocodenotas\/wp-content\/uploads\/sites\/3\/2024\/11\/mg_5591.webp","contentUrl":"https:\/\/newblogs.correiobraziliense.com.br\/blocodenotas\/wp-content\/uploads\/sites\/3\/2024\/11\/mg_5591.webp","width":1170,"height":700,"caption":"Bruno Peres\/Ag\u00eancia Brasil"},{"@type":"BreadcrumbList","@id":"https:\/\/newblogs.correiobraziliense.com.br\/blocodenotas\/tudo-o-que-se-sabe-sobre-as-explosoes-na-praca-dos-tres-poderes\/#breadcrumb","itemListElement":[{"@type":"ListItem","position":1,"name":"In\u00edcio","item":"https:\/\/newblogs.correiobraziliense.com.br\/blocodenotas\/"},{"@type":"ListItem","position":2,"name":"Programa","item":"https:\/\/newblogs.correiobraziliense.com.br\/blocodenotas\/programa\/"},{"@type":"ListItem","position":3,"name":"Tudo o que se sabe sobre as explos\u00f5es na Pra\u00e7a dos Tr\u00eas Poderes"}]},{"@type":"WebSite","@id":"https:\/\/newblogs.correiobraziliense.com.br\/blocodenotas\/#website","url":"https:\/\/newblogs.correiobraziliense.com.br\/blocodenotas\/","name":"Bloco de notas","description":"Este espa\u00e7o ser\u00e1, a partir de hoje, o meu bloco de notas compartilhado com voc\u00ea. E, assim, poder\u00e1 ser tamb\u00e9m o seu bloco de notas. Vou dividir e organizar com voc\u00ea minhas anota\u00e7\u00f5es sobre os fatos da pol\u00edtica, da economia, da vida.","potentialAction":[{"@type":"SearchAction","target":{"@type":"EntryPoint","urlTemplate":"https:\/\/newblogs.correiobraziliense.com.br\/blocodenotas\/?s={search_term_string}"},"query-input":{"@type":"PropertyValueSpecification","valueRequired":true,"valueName":"search_term_string"}}],"inLanguage":"pt-BR"},{"@type":"Person","@id":"https:\/\/newblogs.correiobraziliense.com.br\/blocodenotas\/#\/schema\/person\/a0fff7bd726973b92d5492e165bc4dde","name":"Diego Amorim","image":{"@type":"ImageObject","inLanguage":"pt-BR","@id":"https:\/\/secure.gravatar.com\/avatar\/149eb8ed1dc6e36ec770263cc2075b004439befcd6b992ea240dcafb217cc5bf?s=96&d=mm&r=g","url":"https:\/\/secure.gravatar.com\/avatar\/149eb8ed1dc6e36ec770263cc2075b004439befcd6b992ea240dcafb217cc5bf?s=96&d=mm&r=g","contentUrl":"https:\/\/secure.gravatar.com\/avatar\/149eb8ed1dc6e36ec770263cc2075b004439befcd6b992ea240dcafb217cc5bf?s=96&d=mm&r=g","caption":"Diego Amorim"},"description":"Diego Amorim \u00e9 um dos jornalistas mais premiados de Bras\u00edlia. Com carreira no Correio Braziliense e passagens por ve\u00edculos como Blog do Noblat e O Antagonista, atualmente \u00e9 diretor-executivo e \u00e2ncora da Novabrasil FM na capital federal.","url":"https:\/\/newblogs.correiobraziliense.com.br\/blocodenotas\/author\/diegoamorim\/"}]}},"_links":{"self":[{"href":"https:\/\/newblogs.correiobraziliense.com.br\/blocodenotas\/wp-json\/wp\/v2\/posts\/426","targetHints":{"allow":["GET"]}}],"collection":[{"href":"https:\/\/newblogs.correiobraziliense.com.br\/blocodenotas\/wp-json\/wp\/v2\/posts"}],"about":[{"href":"https:\/\/newblogs.correiobraziliense.com.br\/blocodenotas\/wp-json\/wp\/v2\/types\/post"}],"author":[{"embeddable":true,"href":"https:\/\/newblogs.correiobraziliense.com.br\/blocodenotas\/wp-json\/wp\/v2\/users\/5"}],"replies":[{"embeddable":true,"href":"https:\/\/newblogs.correiobraziliense.com.br\/blocodenotas\/wp-json\/wp\/v2\/comments?post=426"}],"version-history":[{"count":1,"href":"https:\/\/newblogs.correiobraziliense.com.br\/blocodenotas\/wp-json\/wp\/v2\/posts\/426\/revisions"}],"predecessor-version":[{"id":428,"href":"https:\/\/newblogs.correiobraziliense.com.br\/blocodenotas\/wp-json\/wp\/v2\/posts\/426\/revisions\/428"}],"wp:featuredmedia":[{"embeddable":true,"href":"https:\/\/newblogs.correiobraziliense.com.br\/blocodenotas\/wp-json\/wp\/v2\/media\/427"}],"wp:attachment":[{"href":"https:\/\/newblogs.correiobraziliense.com.br\/blocodenotas\/wp-json\/wp\/v2\/media?parent=426"}],"wp:term":[{"taxonomy":"category","embeddable":true,"href":"https:\/\/newblogs.correiobraziliense.com.br\/blocodenotas\/wp-json\/wp\/v2\/categories?post=426"},{"taxonomy":"post_tag","embeddable":true,"href":"https:\/\/newblogs.correiobraziliense.com.br\/blocodenotas\/wp-json\/wp\/v2\/tags?post=426"}],"curies":[{"name":"wp","href":"https:\/\/api.w.org\/{rel}","templated":true}]}}