{"id":336,"date":"2024-09-17T21:07:42","date_gmt":"2024-09-18T00:07:42","guid":{"rendered":"https:\/\/newblogs.correiobraziliense.com.br\/blocodenotas\/?p=336"},"modified":"2024-09-20T21:08:22","modified_gmt":"2024-09-21T00:08:22","slug":"brasil-em-chamas-e-sem-orcamento","status":"publish","type":"post","link":"https:\/\/newblogs.correiobraziliense.com.br\/blocodenotas\/brasil-em-chamas-e-sem-orcamento\/","title":{"rendered":"Brasil em chamas e sem or\u00e7amento"},"content":{"rendered":"\n<p>No Bloco de Notas desta ter\u00e7a-feira (17\/9), Diego Amorim traz as \u00faltimas atualiza\u00e7\u00f5es sobre as queimadas que tomam conta do Brasil. <\/p>\n\n\n\n<p>Situa\u00e7\u00e3o se agrava no DF ap\u00f3s 146 dias sem chuva; em BH, moradores dizem que est\u00e1 &#8220;imposs\u00edvel respirar&#8221;; no Rio, falta de chuvas pode afetar abastecimento de \u00e1gua. Segundo Haddad: &#8220;Previs\u00e3o para desastres ambientais vai ter de entrar no Or\u00e7amento em algum momento&#8221; e Lula decidir\u00e1 sobre volta do hor\u00e1rio de ver\u00e3o. E mais: PGR denuncia 3 deputados do PL sob acusa\u00e7\u00e3o de corrup\u00e7\u00e3o com emendas. Assista agora:<\/p>\n\n\n\n<figure class=\"wp-block-embed is-type-video is-provider-youtube wp-block-embed-youtube wp-embed-aspect-16-9 wp-has-aspect-ratio\"><div class=\"wp-block-embed__wrapper\">\n<iframe loading=\"lazy\" title=\"\ud83d\udd34 BRASIL EM CHAMAS; CLIMA FORA DO OR\u00c7AMENTO DE LULA; DEPUTADOS DO PL DENUNCIADOS POR CORRUP\u00c7\u00c3O E +\" width=\"640\" height=\"360\" src=\"https:\/\/www.youtube.com\/embed\/8U6_h76of8U?feature=oembed\" frameborder=\"0\" allow=\"accelerometer; autoplay; clipboard-write; encrypted-media; gyroscope; picture-in-picture; web-share\" referrerpolicy=\"strict-origin-when-cross-origin\" allowfullscreen><\/iframe>\n<\/div><\/figure>\n","protected":false},"excerpt":{"rendered":"<p>Confira a \u00edntegra do programa no Correio Braziliense, que vai ao ar de segunda a sexta, a partir das 17h<\/p>\n","protected":false},"author":5,"featured_media":337,"comment_status":"closed","ping_status":"open","sticky":false,"template":"","format":"standard","meta":{"_acf_changed":false,"inline_featured_image":false,"footnotes":""},"categories":[57],"tags":[11,212,13,86,213,12,77,6,214,179],"class_list":["post-336","post","type-post","status-publish","format-standard","has-post-thumbnail","hentry","category-programa","tag-bloco-de-notas","tag-brasilia","tag-correio-braziliense","tag-corrupcao","tag-df","tag-diego-amorim","tag-governo-lula","tag-lula","tag-orcamento","tag-queimadas"],"acf":[],"yoast_head":"<!-- This site is optimized with the Yoast SEO plugin v27.3 - https:\/\/yoast.com\/product\/yoast-seo-wordpress\/ -->\n<title>Brasil em chamas e sem or\u00e7amento | Bloco de notas<\/title>\n<meta name=\"description\" content=\"Confira a \u00edntegra do programa no Correio Braziliense, que vai ao ar de segunda a sexta, a partir das 17h\" \/>\n<meta name=\"robots\" content=\"index, follow, max-snippet:-1, max-image-preview:large, max-video-preview:-1\" \/>\n<link rel=\"canonical\" href=\"https:\/\/newblogs.correiobraziliense.com.br\/blocodenotas\/brasil-em-chamas-e-sem-orcamento\/\" \/>\n<meta property=\"og:locale\" content=\"pt_BR\" \/>\n<meta property=\"og:type\" content=\"article\" \/>\n<meta property=\"og:title\" content=\"Brasil em chamas e sem or\u00e7amento | Bloco de notas\" \/>\n<meta property=\"og:description\" content=\"Confira a \u00edntegra do programa no Correio Braziliense, que vai ao ar de segunda a sexta, a partir das 17h\" \/>\n<meta property=\"og:url\" content=\"https:\/\/newblogs.correiobraziliense.com.br\/blocodenotas\/brasil-em-chamas-e-sem-orcamento\/\" \/>\n<meta property=\"og:site_name\" content=\"Bloco de notas\" \/>\n<meta property=\"article:published_time\" content=\"2024-09-18T00:07:42+00:00\" \/>\n<meta property=\"article:modified_time\" content=\"2024-09-21T00:08:22+00:00\" \/>\n<meta property=\"og:image\" content=\"https:\/\/newblogs.correiobraziliense.com.br\/blocodenotas\/wp-content\/uploads\/sites\/3\/2024\/09\/d44d8b3b-963d-4b84-bfc8-d83735d2e1d5-54006522716-4e99ea19be-k.webp\" \/>\n\t<meta property=\"og:image:width\" content=\"800\" \/>\n\t<meta property=\"og:image:height\" content=\"534\" \/>\n\t<meta property=\"og:image:type\" content=\"image\/webp\" \/>\n<meta name=\"author\" content=\"Diego Amorim\" \/>\n<!-- \/ Yoast SEO plugin. -->","yoast_head_json":{"title":"Brasil em chamas e sem or\u00e7amento | Bloco de notas","description":"Confira a \u00edntegra do programa no Correio Braziliense, que vai ao ar de segunda a sexta, a partir das 17h","robots":{"index":"index","follow":"follow","max-snippet":"max-snippet:-1","max-image-preview":"max-image-preview:large","max-video-preview":"max-video-preview:-1"},"canonical":"https:\/\/newblogs.correiobraziliense.com.br\/blocodenotas\/brasil-em-chamas-e-sem-orcamento\/","og_locale":"pt_BR","og_type":"article","og_title":"Brasil em chamas e sem or\u00e7amento | Bloco de notas","og_description":"Confira a \u00edntegra do programa no Correio Braziliense, que vai ao ar de segunda a sexta, a partir das 17h","og_url":"https:\/\/newblogs.correiobraziliense.com.br\/blocodenotas\/brasil-em-chamas-e-sem-orcamento\/","og_site_name":"Bloco de notas","article_published_time":"2024-09-18T00:07:42+00:00","article_modified_time":"2024-09-21T00:08:22+00:00","og_image":[{"width":800,"height":534,"url":"https:\/\/newblogs.correiobraziliense.com.br\/blocodenotas\/wp-content\/uploads\/sites\/3\/2024\/09\/d44d8b3b-963d-4b84-bfc8-d83735d2e1d5-54006522716-4e99ea19be-k.webp","type":"image\/webp"}],"author":"Diego Amorim","schema":{"@context":"https:\/\/schema.org","@graph":[{"@type":"NewsArticle","@id":"https:\/\/newblogs.correiobraziliense.com.br\/blocodenotas\/brasil-em-chamas-e-sem-orcamento\/#article","isPartOf":{"@id":"https:\/\/newblogs.correiobraziliense.com.br\/blocodenotas\/brasil-em-chamas-e-sem-orcamento\/"},"author":{"name":"Diego Amorim","@id":"https:\/\/newblogs.correiobraziliense.com.br\/blocodenotas\/#\/schema\/person\/a0fff7bd726973b92d5492e165bc4dde"},"headline":"Brasil em chamas e sem or\u00e7amento","datePublished":"2024-09-18T00:07:42+00:00","dateModified":"2024-09-21T00:08:22+00:00","mainEntityOfPage":{"@id":"https:\/\/newblogs.correiobraziliense.com.br\/blocodenotas\/brasil-em-chamas-e-sem-orcamento\/"},"wordCount":111,"image":{"@id":"https:\/\/newblogs.correiobraziliense.com.br\/blocodenotas\/brasil-em-chamas-e-sem-orcamento\/#primaryimage"},"thumbnailUrl":"https:\/\/newblogs.correiobraziliense.com.br\/blocodenotas\/wp-content\/uploads\/sites\/3\/2024\/09\/d44d8b3b-963d-4b84-bfc8-d83735d2e1d5-54006522716-4e99ea19be-k.webp","keywords":["Bloco de Notas","Bras\u00edlia","Correio Braziliense","corrup\u00e7\u00e3o","DF","Diego Amorim","governo Lula","Lula","Or\u00e7amento","queimadas"],"articleSection":["Programa"],"inLanguage":"pt-BR"},{"@type":"WebPage","@id":"https:\/\/newblogs.correiobraziliense.com.br\/blocodenotas\/brasil-em-chamas-e-sem-orcamento\/","url":"https:\/\/newblogs.correiobraziliense.com.br\/blocodenotas\/brasil-em-chamas-e-sem-orcamento\/","name":"Brasil em chamas e sem or\u00e7amento | Bloco de notas","isPartOf":{"@id":"https:\/\/newblogs.correiobraziliense.com.br\/blocodenotas\/#website"},"primaryImageOfPage":{"@id":"https:\/\/newblogs.correiobraziliense.com.br\/blocodenotas\/brasil-em-chamas-e-sem-orcamento\/#primaryimage"},"image":{"@id":"https:\/\/newblogs.correiobraziliense.com.br\/blocodenotas\/brasil-em-chamas-e-sem-orcamento\/#primaryimage"},"thumbnailUrl":"https:\/\/newblogs.correiobraziliense.com.br\/blocodenotas\/wp-content\/uploads\/sites\/3\/2024\/09\/d44d8b3b-963d-4b84-bfc8-d83735d2e1d5-54006522716-4e99ea19be-k.webp","datePublished":"2024-09-18T00:07:42+00:00","dateModified":"2024-09-21T00:08:22+00:00","author":{"@id":"https:\/\/newblogs.correiobraziliense.com.br\/blocodenotas\/#\/schema\/person\/a0fff7bd726973b92d5492e165bc4dde"},"description":"Confira a \u00edntegra do programa no Correio Braziliense, que vai ao ar de segunda a sexta, a partir das 17h","breadcrumb":{"@id":"https:\/\/newblogs.correiobraziliense.com.br\/blocodenotas\/brasil-em-chamas-e-sem-orcamento\/#breadcrumb"},"inLanguage":"pt-BR","potentialAction":[{"@type":"ReadAction","target":["https:\/\/newblogs.correiobraziliense.com.br\/blocodenotas\/brasil-em-chamas-e-sem-orcamento\/"]}]},{"@type":"ImageObject","inLanguage":"pt-BR","@id":"https:\/\/newblogs.correiobraziliense.com.br\/blocodenotas\/brasil-em-chamas-e-sem-orcamento\/#primaryimage","url":"https:\/\/newblogs.correiobraziliense.com.br\/blocodenotas\/wp-content\/uploads\/sites\/3\/2024\/09\/d44d8b3b-963d-4b84-bfc8-d83735d2e1d5-54006522716-4e99ea19be-k.webp","contentUrl":"https:\/\/newblogs.correiobraziliense.com.br\/blocodenotas\/wp-content\/uploads\/sites\/3\/2024\/09\/d44d8b3b-963d-4b84-bfc8-d83735d2e1d5-54006522716-4e99ea19be-k.webp","width":800,"height":534,"caption":"Mayangdi Inzaulgarat\/Ibama"},{"@type":"BreadcrumbList","@id":"https:\/\/newblogs.correiobraziliense.com.br\/blocodenotas\/brasil-em-chamas-e-sem-orcamento\/#breadcrumb","itemListElement":[{"@type":"ListItem","position":1,"name":"In\u00edcio","item":"https:\/\/newblogs.correiobraziliense.com.br\/blocodenotas\/"},{"@type":"ListItem","position":2,"name":"Programa","item":"https:\/\/newblogs.correiobraziliense.com.br\/blocodenotas\/programa\/"},{"@type":"ListItem","position":3,"name":"Brasil em chamas e sem or\u00e7amento"}]},{"@type":"WebSite","@id":"https:\/\/newblogs.correiobraziliense.com.br\/blocodenotas\/#website","url":"https:\/\/newblogs.correiobraziliense.com.br\/blocodenotas\/","name":"Bloco de notas","description":"Este espa\u00e7o ser\u00e1, a partir de hoje, o meu bloco de notas compartilhado com voc\u00ea. E, assim, poder\u00e1 ser tamb\u00e9m o seu bloco de notas. Vou dividir e organizar com voc\u00ea minhas anota\u00e7\u00f5es sobre os fatos da pol\u00edtica, da economia, da vida.","potentialAction":[{"@type":"SearchAction","target":{"@type":"EntryPoint","urlTemplate":"https:\/\/newblogs.correiobraziliense.com.br\/blocodenotas\/?s={search_term_string}"},"query-input":{"@type":"PropertyValueSpecification","valueRequired":true,"valueName":"search_term_string"}}],"inLanguage":"pt-BR"},{"@type":"Person","@id":"https:\/\/newblogs.correiobraziliense.com.br\/blocodenotas\/#\/schema\/person\/a0fff7bd726973b92d5492e165bc4dde","name":"Diego Amorim","image":{"@type":"ImageObject","inLanguage":"pt-BR","@id":"https:\/\/secure.gravatar.com\/avatar\/149eb8ed1dc6e36ec770263cc2075b004439befcd6b992ea240dcafb217cc5bf?s=96&d=mm&r=g","url":"https:\/\/secure.gravatar.com\/avatar\/149eb8ed1dc6e36ec770263cc2075b004439befcd6b992ea240dcafb217cc5bf?s=96&d=mm&r=g","contentUrl":"https:\/\/secure.gravatar.com\/avatar\/149eb8ed1dc6e36ec770263cc2075b004439befcd6b992ea240dcafb217cc5bf?s=96&d=mm&r=g","caption":"Diego Amorim"},"description":"Diego Amorim \u00e9 um dos jornalistas mais premiados de Bras\u00edlia. Com carreira no Correio Braziliense e passagens por ve\u00edculos como Blog do Noblat e O Antagonista, atualmente \u00e9 diretor-executivo e \u00e2ncora da Novabrasil FM na capital federal.","url":"https:\/\/newblogs.correiobraziliense.com.br\/blocodenotas\/author\/diegoamorim\/"}]}},"_links":{"self":[{"href":"https:\/\/newblogs.correiobraziliense.com.br\/blocodenotas\/wp-json\/wp\/v2\/posts\/336","targetHints":{"allow":["GET"]}}],"collection":[{"href":"https:\/\/newblogs.correiobraziliense.com.br\/blocodenotas\/wp-json\/wp\/v2\/posts"}],"about":[{"href":"https:\/\/newblogs.correiobraziliense.com.br\/blocodenotas\/wp-json\/wp\/v2\/types\/post"}],"author":[{"embeddable":true,"href":"https:\/\/newblogs.correiobraziliense.com.br\/blocodenotas\/wp-json\/wp\/v2\/users\/5"}],"replies":[{"embeddable":true,"href":"https:\/\/newblogs.correiobraziliense.com.br\/blocodenotas\/wp-json\/wp\/v2\/comments?post=336"}],"version-history":[{"count":1,"href":"https:\/\/newblogs.correiobraziliense.com.br\/blocodenotas\/wp-json\/wp\/v2\/posts\/336\/revisions"}],"predecessor-version":[{"id":338,"href":"https:\/\/newblogs.correiobraziliense.com.br\/blocodenotas\/wp-json\/wp\/v2\/posts\/336\/revisions\/338"}],"wp:featuredmedia":[{"embeddable":true,"href":"https:\/\/newblogs.correiobraziliense.com.br\/blocodenotas\/wp-json\/wp\/v2\/media\/337"}],"wp:attachment":[{"href":"https:\/\/newblogs.correiobraziliense.com.br\/blocodenotas\/wp-json\/wp\/v2\/media?parent=336"}],"wp:term":[{"taxonomy":"category","embeddable":true,"href":"https:\/\/newblogs.correiobraziliense.com.br\/blocodenotas\/wp-json\/wp\/v2\/categories?post=336"},{"taxonomy":"post_tag","embeddable":true,"href":"https:\/\/newblogs.correiobraziliense.com.br\/blocodenotas\/wp-json\/wp\/v2\/tags?post=336"}],"curies":[{"name":"wp","href":"https:\/\/api.w.org\/{rel}","templated":true}]}}