{"id":286,"date":"2024-08-13T02:51:14","date_gmt":"2024-08-13T05:51:14","guid":{"rendered":"https:\/\/newblogs.correiobraziliense.com.br\/blocodenotas\/?p=286"},"modified":"2024-08-16T03:01:08","modified_gmt":"2024-08-16T06:01:08","slug":"governo-manda-voepass-detalhar-status-de-avioes","status":"publish","type":"post","link":"https:\/\/newblogs.correiobraziliense.com.br\/blocodenotas\/governo-manda-voepass-detalhar-status-de-avioes\/","title":{"rendered":"Governo manda Voepass detalhar status de avi\u00f5es"},"content":{"rendered":"\n<p>No Bloco de Notas desta ter\u00e7a-feira (13\/8), Diego Amorim traz as \u00faltimas atualiza\u00e7\u00f5es sobre as investiga\u00e7\u00f5es do acidente a\u00e9reo que matou 62 pessoas em SP. Peritos da aeron\u00e1utica come\u00e7aram a analisar os motores do avi\u00e3o da Voepass, que caiu na \u00faltima sexta-feira (9) em Vinhedo, interior do estado. Eles pediram o hist\u00f3rico de problemas da aeronave. Al\u00e9m disso, o governador de Roraima, Antonio Denarium (PP), pode ser cassado por acusa\u00e7\u00e3o de abusos de poder pol\u00edtico e econ\u00f4mico. E mais: confus\u00e3o no PL em raz\u00e3o da proibi\u00e7\u00e3o de coliga\u00e7\u00f5es com partidos de esquerda. Assista agora:<\/p>\n\n\n\n<figure class=\"wp-block-embed is-type-video is-provider-youtube wp-block-embed-youtube wp-embed-aspect-16-9 wp-has-aspect-ratio\"><div class=\"wp-block-embed__wrapper\">\n<iframe loading=\"lazy\" title=\"\ud83d\udd34GOVERNO MANDA VOEPASS DETALHAR STATUS DE AVI\u00d5ES; CASSA\u00c7\u00c3O EM RORAIMA  E+ | BLOCO DE NOTAS\" width=\"640\" height=\"360\" src=\"https:\/\/www.youtube.com\/embed\/30fXHq5gWVQ?feature=oembed\" frameborder=\"0\" allow=\"accelerometer; autoplay; clipboard-write; encrypted-media; gyroscope; picture-in-picture; web-share\" referrerpolicy=\"strict-origin-when-cross-origin\" allowfullscreen><\/iframe>\n<\/div><\/figure>\n","protected":false},"excerpt":{"rendered":"<p>Confira a \u00edntegra do programa no Correio Braziliense, que vai ao ar de segunda a sexta, a partir das 17h<\/p>\n","protected":false},"author":5,"featured_media":287,"comment_status":"closed","ping_status":"open","sticky":false,"template":"","format":"standard","meta":{"_acf_changed":false,"inline_featured_image":false,"footnotes":""},"categories":[57],"tags":[171,11,13,12,169,168],"class_list":["post-286","post","type-post","status-publish","format-standard","has-post-thumbnail","hentry","category-programa","tag-antonio-denarium","tag-bloco-de-notas","tag-correio-braziliense","tag-diego-amorim","tag-vinhedo","tag-voepass"],"acf":[],"yoast_head":"<!-- This site is optimized with the Yoast SEO plugin v27.3 - https:\/\/yoast.com\/product\/yoast-seo-wordpress\/ -->\n<title>Governo manda Voepass detalhar status de avi\u00f5es | Bloco de notas<\/title>\n<meta name=\"description\" content=\"Confira a \u00edntegra do programa no Correio Braziliense, que vai ao ar de segunda a sexta, a partir das 17h\" \/>\n<meta name=\"robots\" content=\"index, follow, max-snippet:-1, max-image-preview:large, max-video-preview:-1\" \/>\n<link rel=\"canonical\" href=\"https:\/\/newblogs.correiobraziliense.com.br\/blocodenotas\/governo-manda-voepass-detalhar-status-de-avioes\/\" \/>\n<meta property=\"og:locale\" content=\"pt_BR\" \/>\n<meta property=\"og:type\" content=\"article\" \/>\n<meta property=\"og:title\" content=\"Governo manda Voepass detalhar status de avi\u00f5es | Bloco de notas\" \/>\n<meta property=\"og:description\" content=\"Confira a \u00edntegra do programa no Correio Braziliense, que vai ao ar de segunda a sexta, a partir das 17h\" \/>\n<meta property=\"og:url\" content=\"https:\/\/newblogs.correiobraziliense.com.br\/blocodenotas\/governo-manda-voepass-detalhar-status-de-avioes\/\" \/>\n<meta property=\"og:site_name\" content=\"Bloco de notas\" \/>\n<meta property=\"article:published_time\" content=\"2024-08-13T05:51:14+00:00\" \/>\n<meta property=\"article:modified_time\" content=\"2024-08-16T06:01:08+00:00\" \/>\n<meta property=\"og:image\" content=\"https:\/\/newblogs.correiobraziliense.com.br\/blocodenotas\/wp-content\/uploads\/sites\/3\/2024\/08\/5c720452-aeb0-4268-be42-be63d99a0f1d.jpg\" \/>\n\t<meta property=\"og:image:width\" content=\"1599\" \/>\n\t<meta property=\"og:image:height\" content=\"1051\" \/>\n\t<meta property=\"og:image:type\" content=\"image\/jpeg\" \/>\n<meta name=\"author\" content=\"Diego Amorim\" \/>\n<!-- \/ Yoast SEO plugin. -->","yoast_head_json":{"title":"Governo manda Voepass detalhar status de avi\u00f5es | Bloco de notas","description":"Confira a \u00edntegra do programa no Correio Braziliense, que vai ao ar de segunda a sexta, a partir das 17h","robots":{"index":"index","follow":"follow","max-snippet":"max-snippet:-1","max-image-preview":"max-image-preview:large","max-video-preview":"max-video-preview:-1"},"canonical":"https:\/\/newblogs.correiobraziliense.com.br\/blocodenotas\/governo-manda-voepass-detalhar-status-de-avioes\/","og_locale":"pt_BR","og_type":"article","og_title":"Governo manda Voepass detalhar status de avi\u00f5es | Bloco de notas","og_description":"Confira a \u00edntegra do programa no Correio Braziliense, que vai ao ar de segunda a sexta, a partir das 17h","og_url":"https:\/\/newblogs.correiobraziliense.com.br\/blocodenotas\/governo-manda-voepass-detalhar-status-de-avioes\/","og_site_name":"Bloco de notas","article_published_time":"2024-08-13T05:51:14+00:00","article_modified_time":"2024-08-16T06:01:08+00:00","og_image":[{"width":1599,"height":1051,"url":"https:\/\/newblogs.correiobraziliense.com.br\/blocodenotas\/wp-content\/uploads\/sites\/3\/2024\/08\/5c720452-aeb0-4268-be42-be63d99a0f1d.jpg","type":"image\/jpeg"}],"author":"Diego Amorim","schema":{"@context":"https:\/\/schema.org","@graph":[{"@type":"NewsArticle","@id":"https:\/\/newblogs.correiobraziliense.com.br\/blocodenotas\/governo-manda-voepass-detalhar-status-de-avioes\/#article","isPartOf":{"@id":"https:\/\/newblogs.correiobraziliense.com.br\/blocodenotas\/governo-manda-voepass-detalhar-status-de-avioes\/"},"author":{"name":"Diego Amorim","@id":"https:\/\/newblogs.correiobraziliense.com.br\/blocodenotas\/#\/schema\/person\/a0fff7bd726973b92d5492e165bc4dde"},"headline":"Governo manda Voepass detalhar status de avi\u00f5es","datePublished":"2024-08-13T05:51:14+00:00","dateModified":"2024-08-16T06:01:08+00:00","mainEntityOfPage":{"@id":"https:\/\/newblogs.correiobraziliense.com.br\/blocodenotas\/governo-manda-voepass-detalhar-status-de-avioes\/"},"wordCount":120,"image":{"@id":"https:\/\/newblogs.correiobraziliense.com.br\/blocodenotas\/governo-manda-voepass-detalhar-status-de-avioes\/#primaryimage"},"thumbnailUrl":"https:\/\/newblogs.correiobraziliense.com.br\/blocodenotas\/wp-content\/uploads\/sites\/3\/2024\/08\/5c720452-aeb0-4268-be42-be63d99a0f1d.jpg","keywords":["Antonio Denarium","Bloco de Notas","Correio Braziliense","Diego Amorim","VInhedo","Voepass"],"articleSection":["Programa"],"inLanguage":"pt-BR"},{"@type":"WebPage","@id":"https:\/\/newblogs.correiobraziliense.com.br\/blocodenotas\/governo-manda-voepass-detalhar-status-de-avioes\/","url":"https:\/\/newblogs.correiobraziliense.com.br\/blocodenotas\/governo-manda-voepass-detalhar-status-de-avioes\/","name":"Governo manda Voepass detalhar status de avi\u00f5es | Bloco de notas","isPartOf":{"@id":"https:\/\/newblogs.correiobraziliense.com.br\/blocodenotas\/#website"},"primaryImageOfPage":{"@id":"https:\/\/newblogs.correiobraziliense.com.br\/blocodenotas\/governo-manda-voepass-detalhar-status-de-avioes\/#primaryimage"},"image":{"@id":"https:\/\/newblogs.correiobraziliense.com.br\/blocodenotas\/governo-manda-voepass-detalhar-status-de-avioes\/#primaryimage"},"thumbnailUrl":"https:\/\/newblogs.correiobraziliense.com.br\/blocodenotas\/wp-content\/uploads\/sites\/3\/2024\/08\/5c720452-aeb0-4268-be42-be63d99a0f1d.jpg","datePublished":"2024-08-13T05:51:14+00:00","dateModified":"2024-08-16T06:01:08+00:00","author":{"@id":"https:\/\/newblogs.correiobraziliense.com.br\/blocodenotas\/#\/schema\/person\/a0fff7bd726973b92d5492e165bc4dde"},"description":"Confira a \u00edntegra do programa no Correio Braziliense, que vai ao ar de segunda a sexta, a partir das 17h","breadcrumb":{"@id":"https:\/\/newblogs.correiobraziliense.com.br\/blocodenotas\/governo-manda-voepass-detalhar-status-de-avioes\/#breadcrumb"},"inLanguage":"pt-BR","potentialAction":[{"@type":"ReadAction","target":["https:\/\/newblogs.correiobraziliense.com.br\/blocodenotas\/governo-manda-voepass-detalhar-status-de-avioes\/"]}]},{"@type":"ImageObject","inLanguage":"pt-BR","@id":"https:\/\/newblogs.correiobraziliense.com.br\/blocodenotas\/governo-manda-voepass-detalhar-status-de-avioes\/#primaryimage","url":"https:\/\/newblogs.correiobraziliense.com.br\/blocodenotas\/wp-content\/uploads\/sites\/3\/2024\/08\/5c720452-aeb0-4268-be42-be63d99a0f1d.jpg","contentUrl":"https:\/\/newblogs.correiobraziliense.com.br\/blocodenotas\/wp-content\/uploads\/sites\/3\/2024\/08\/5c720452-aeb0-4268-be42-be63d99a0f1d.jpg","width":1599,"height":1051,"caption":"Claudia Vitorino\/RS via Fotos P\u00fablicas"},{"@type":"BreadcrumbList","@id":"https:\/\/newblogs.correiobraziliense.com.br\/blocodenotas\/governo-manda-voepass-detalhar-status-de-avioes\/#breadcrumb","itemListElement":[{"@type":"ListItem","position":1,"name":"In\u00edcio","item":"https:\/\/newblogs.correiobraziliense.com.br\/blocodenotas\/"},{"@type":"ListItem","position":2,"name":"Programa","item":"https:\/\/newblogs.correiobraziliense.com.br\/blocodenotas\/programa\/"},{"@type":"ListItem","position":3,"name":"Governo manda Voepass detalhar status de avi\u00f5es"}]},{"@type":"WebSite","@id":"https:\/\/newblogs.correiobraziliense.com.br\/blocodenotas\/#website","url":"https:\/\/newblogs.correiobraziliense.com.br\/blocodenotas\/","name":"Bloco de notas","description":"Este espa\u00e7o ser\u00e1, a partir de hoje, o meu bloco de notas compartilhado com voc\u00ea. E, assim, poder\u00e1 ser tamb\u00e9m o seu bloco de notas. Vou dividir e organizar com voc\u00ea minhas anota\u00e7\u00f5es sobre os fatos da pol\u00edtica, da economia, da vida.","potentialAction":[{"@type":"SearchAction","target":{"@type":"EntryPoint","urlTemplate":"https:\/\/newblogs.correiobraziliense.com.br\/blocodenotas\/?s={search_term_string}"},"query-input":{"@type":"PropertyValueSpecification","valueRequired":true,"valueName":"search_term_string"}}],"inLanguage":"pt-BR"},{"@type":"Person","@id":"https:\/\/newblogs.correiobraziliense.com.br\/blocodenotas\/#\/schema\/person\/a0fff7bd726973b92d5492e165bc4dde","name":"Diego Amorim","image":{"@type":"ImageObject","inLanguage":"pt-BR","@id":"https:\/\/secure.gravatar.com\/avatar\/149eb8ed1dc6e36ec770263cc2075b004439befcd6b992ea240dcafb217cc5bf?s=96&d=mm&r=g","url":"https:\/\/secure.gravatar.com\/avatar\/149eb8ed1dc6e36ec770263cc2075b004439befcd6b992ea240dcafb217cc5bf?s=96&d=mm&r=g","contentUrl":"https:\/\/secure.gravatar.com\/avatar\/149eb8ed1dc6e36ec770263cc2075b004439befcd6b992ea240dcafb217cc5bf?s=96&d=mm&r=g","caption":"Diego Amorim"},"description":"Diego Amorim \u00e9 um dos jornalistas mais premiados de Bras\u00edlia. Com carreira no Correio Braziliense e passagens por ve\u00edculos como Blog do Noblat e O Antagonista, atualmente \u00e9 diretor-executivo e \u00e2ncora da Novabrasil FM na capital federal.","url":"https:\/\/newblogs.correiobraziliense.com.br\/blocodenotas\/author\/diegoamorim\/"}]}},"_links":{"self":[{"href":"https:\/\/newblogs.correiobraziliense.com.br\/blocodenotas\/wp-json\/wp\/v2\/posts\/286","targetHints":{"allow":["GET"]}}],"collection":[{"href":"https:\/\/newblogs.correiobraziliense.com.br\/blocodenotas\/wp-json\/wp\/v2\/posts"}],"about":[{"href":"https:\/\/newblogs.correiobraziliense.com.br\/blocodenotas\/wp-json\/wp\/v2\/types\/post"}],"author":[{"embeddable":true,"href":"https:\/\/newblogs.correiobraziliense.com.br\/blocodenotas\/wp-json\/wp\/v2\/users\/5"}],"replies":[{"embeddable":true,"href":"https:\/\/newblogs.correiobraziliense.com.br\/blocodenotas\/wp-json\/wp\/v2\/comments?post=286"}],"version-history":[{"count":1,"href":"https:\/\/newblogs.correiobraziliense.com.br\/blocodenotas\/wp-json\/wp\/v2\/posts\/286\/revisions"}],"predecessor-version":[{"id":288,"href":"https:\/\/newblogs.correiobraziliense.com.br\/blocodenotas\/wp-json\/wp\/v2\/posts\/286\/revisions\/288"}],"wp:featuredmedia":[{"embeddable":true,"href":"https:\/\/newblogs.correiobraziliense.com.br\/blocodenotas\/wp-json\/wp\/v2\/media\/287"}],"wp:attachment":[{"href":"https:\/\/newblogs.correiobraziliense.com.br\/blocodenotas\/wp-json\/wp\/v2\/media?parent=286"}],"wp:term":[{"taxonomy":"category","embeddable":true,"href":"https:\/\/newblogs.correiobraziliense.com.br\/blocodenotas\/wp-json\/wp\/v2\/categories?post=286"},{"taxonomy":"post_tag","embeddable":true,"href":"https:\/\/newblogs.correiobraziliense.com.br\/blocodenotas\/wp-json\/wp\/v2\/tags?post=286"}],"curies":[{"name":"wp","href":"https:\/\/api.w.org\/{rel}","templated":true}]}}