{"id":283,"date":"2024-08-12T02:27:11","date_gmt":"2024-08-12T05:27:11","guid":{"rendered":"https:\/\/newblogs.correiobraziliense.com.br\/blocodenotas\/?p=283"},"modified":"2024-08-16T02:48:35","modified_gmt":"2024-08-16T05:48:35","slug":"acidenteaereo","status":"publish","type":"post","link":"https:\/\/newblogs.correiobraziliense.com.br\/blocodenotas\/acidenteaereo\/","title":{"rendered":"Acidente a\u00e9reo deixa 62 mortos; ex-ministro Delfim Netto morre em SP"},"content":{"rendered":"\n<p>No Bloco de Notas desta segunda-feira (12\/8), Diego Amorim traz as \u00faltimas atualiza\u00e7\u00f5es sobre o acidente a\u00e9reo que matou 62 pessoas em Vinhedo (SP). A companhia a\u00e9rea Voepass divulgou no final da tarde de sexta a lista com os nomes das pessoas que estavam no avi\u00e3o. Al\u00e9m disso, Delfim Netto, ex-ministro da Fazenda, da Agricultura e do Planejamento e ex-deputado federal, morreu na madrugada de hoje, aos 96 anos. E mais: O Congresso Nacional inicia hoje, uma semana de \u201cesfor\u00e7o concentrado\u201d para analisar algumas pautas priorit\u00e1rias do segundo semestre. Assista agora:<\/p>\n\n\n\n<figure class=\"wp-block-embed is-type-video is-provider-youtube wp-block-embed-youtube wp-embed-aspect-16-9 wp-has-aspect-ratio\"><div class=\"wp-block-embed__wrapper\">\n<iframe loading=\"lazy\" title=\"\ud83d\udd34ACIDENTE A\u00c9REO DEIXA 62 MORTOS; EX-MINISTRO DELFIM NETTO MORRE EM SP E+ | BLOCO DE NOTAS\" width=\"640\" height=\"360\" src=\"https:\/\/www.youtube.com\/embed\/1gRj8rUEGmM?feature=oembed\" frameborder=\"0\" allow=\"accelerometer; autoplay; clipboard-write; encrypted-media; gyroscope; picture-in-picture; web-share\" referrerpolicy=\"strict-origin-when-cross-origin\" allowfullscreen><\/iframe>\n<\/div><\/figure>\n","protected":false},"excerpt":{"rendered":"<p>Confira a \u00edntegra do programa no Correio Braziliense, que vai ao ar de segunda a sexta, a partir das 17h<\/p>\n","protected":false},"author":5,"featured_media":284,"comment_status":"closed","ping_status":"open","sticky":false,"template":"","format":"standard","meta":{"_acf_changed":false,"inline_featured_image":false,"footnotes":""},"categories":[57],"tags":[11,13,170,12,169,168],"class_list":["post-283","post","type-post","status-publish","format-standard","has-post-thumbnail","hentry","category-programa","tag-bloco-de-notas","tag-correio-braziliense","tag-delfim-netto","tag-diego-amorim","tag-vinhedo","tag-voepass"],"acf":[],"yoast_head":"<!-- This site is optimized with the Yoast SEO plugin v27.3 - https:\/\/yoast.com\/product\/yoast-seo-wordpress\/ -->\n<title>Acidente a\u00e9reo deixa 62 mortos; ex-ministro Delfim Netto morre em SP | Bloco de notas<\/title>\n<meta name=\"description\" content=\"Confira a \u00edntegra do programa no Correio Braziliense, que vai ao ar de segunda a sexta, a partir das 17h\" \/>\n<meta name=\"robots\" content=\"index, follow, max-snippet:-1, max-image-preview:large, max-video-preview:-1\" \/>\n<link rel=\"canonical\" href=\"https:\/\/newblogs.correiobraziliense.com.br\/blocodenotas\/acidenteaereo\/\" \/>\n<meta property=\"og:locale\" content=\"pt_BR\" \/>\n<meta property=\"og:type\" content=\"article\" \/>\n<meta property=\"og:title\" content=\"Acidente a\u00e9reo deixa 62 mortos; ex-ministro Delfim Netto morre em SP | Bloco de notas\" \/>\n<meta property=\"og:description\" content=\"Confira a \u00edntegra do programa no Correio Braziliense, que vai ao ar de segunda a sexta, a partir das 17h\" \/>\n<meta property=\"og:url\" content=\"https:\/\/newblogs.correiobraziliense.com.br\/blocodenotas\/acidenteaereo\/\" \/>\n<meta property=\"og:site_name\" content=\"Bloco de notas\" \/>\n<meta property=\"article:published_time\" content=\"2024-08-12T05:27:11+00:00\" \/>\n<meta property=\"article:modified_time\" content=\"2024-08-16T05:48:35+00:00\" \/>\n<meta property=\"og:image\" content=\"https:\/\/newblogs.correiobraziliense.com.br\/blocodenotas\/wp-content\/uploads\/sites\/3\/2024\/08\/2322754e-d248-43fc-8aef-7d4d522b7eef.jpg\" \/>\n\t<meta property=\"og:image:width\" content=\"600\" \/>\n\t<meta property=\"og:image:height\" content=\"450\" \/>\n\t<meta property=\"og:image:type\" content=\"image\/jpeg\" \/>\n<meta name=\"author\" content=\"Diego Amorim\" \/>\n<!-- \/ Yoast SEO plugin. -->","yoast_head_json":{"title":"Acidente a\u00e9reo deixa 62 mortos; ex-ministro Delfim Netto morre em SP | Bloco de notas","description":"Confira a \u00edntegra do programa no Correio Braziliense, que vai ao ar de segunda a sexta, a partir das 17h","robots":{"index":"index","follow":"follow","max-snippet":"max-snippet:-1","max-image-preview":"max-image-preview:large","max-video-preview":"max-video-preview:-1"},"canonical":"https:\/\/newblogs.correiobraziliense.com.br\/blocodenotas\/acidenteaereo\/","og_locale":"pt_BR","og_type":"article","og_title":"Acidente a\u00e9reo deixa 62 mortos; ex-ministro Delfim Netto morre em SP | Bloco de notas","og_description":"Confira a \u00edntegra do programa no Correio Braziliense, que vai ao ar de segunda a sexta, a partir das 17h","og_url":"https:\/\/newblogs.correiobraziliense.com.br\/blocodenotas\/acidenteaereo\/","og_site_name":"Bloco de notas","article_published_time":"2024-08-12T05:27:11+00:00","article_modified_time":"2024-08-16T05:48:35+00:00","og_image":[{"width":600,"height":450,"url":"https:\/\/newblogs.correiobraziliense.com.br\/blocodenotas\/wp-content\/uploads\/sites\/3\/2024\/08\/2322754e-d248-43fc-8aef-7d4d522b7eef.jpg","type":"image\/jpeg"}],"author":"Diego Amorim","schema":{"@context":"https:\/\/schema.org","@graph":[{"@type":"NewsArticle","@id":"https:\/\/newblogs.correiobraziliense.com.br\/blocodenotas\/acidenteaereo\/#article","isPartOf":{"@id":"https:\/\/newblogs.correiobraziliense.com.br\/blocodenotas\/acidenteaereo\/"},"author":{"name":"Diego Amorim","@id":"https:\/\/newblogs.correiobraziliense.com.br\/blocodenotas\/#\/schema\/person\/a0fff7bd726973b92d5492e165bc4dde"},"headline":"Acidente a\u00e9reo deixa 62 mortos; ex-ministro Delfim Netto morre em SP","datePublished":"2024-08-12T05:27:11+00:00","dateModified":"2024-08-16T05:48:35+00:00","mainEntityOfPage":{"@id":"https:\/\/newblogs.correiobraziliense.com.br\/blocodenotas\/acidenteaereo\/"},"wordCount":111,"image":{"@id":"https:\/\/newblogs.correiobraziliense.com.br\/blocodenotas\/acidenteaereo\/#primaryimage"},"thumbnailUrl":"https:\/\/newblogs.correiobraziliense.com.br\/blocodenotas\/wp-content\/uploads\/sites\/3\/2024\/08\/2322754e-d248-43fc-8aef-7d4d522b7eef.jpg","keywords":["Bloco de Notas","Correio Braziliense","Delfim Netto","Diego Amorim","VInhedo","Voepass"],"articleSection":["Programa"],"inLanguage":"pt-BR"},{"@type":"WebPage","@id":"https:\/\/newblogs.correiobraziliense.com.br\/blocodenotas\/acidenteaereo\/","url":"https:\/\/newblogs.correiobraziliense.com.br\/blocodenotas\/acidenteaereo\/","name":"Acidente a\u00e9reo deixa 62 mortos; ex-ministro Delfim Netto morre em SP | Bloco de notas","isPartOf":{"@id":"https:\/\/newblogs.correiobraziliense.com.br\/blocodenotas\/#website"},"primaryImageOfPage":{"@id":"https:\/\/newblogs.correiobraziliense.com.br\/blocodenotas\/acidenteaereo\/#primaryimage"},"image":{"@id":"https:\/\/newblogs.correiobraziliense.com.br\/blocodenotas\/acidenteaereo\/#primaryimage"},"thumbnailUrl":"https:\/\/newblogs.correiobraziliense.com.br\/blocodenotas\/wp-content\/uploads\/sites\/3\/2024\/08\/2322754e-d248-43fc-8aef-7d4d522b7eef.jpg","datePublished":"2024-08-12T05:27:11+00:00","dateModified":"2024-08-16T05:48:35+00:00","author":{"@id":"https:\/\/newblogs.correiobraziliense.com.br\/blocodenotas\/#\/schema\/person\/a0fff7bd726973b92d5492e165bc4dde"},"description":"Confira a \u00edntegra do programa no Correio Braziliense, que vai ao ar de segunda a sexta, a partir das 17h","breadcrumb":{"@id":"https:\/\/newblogs.correiobraziliense.com.br\/blocodenotas\/acidenteaereo\/#breadcrumb"},"inLanguage":"pt-BR","potentialAction":[{"@type":"ReadAction","target":["https:\/\/newblogs.correiobraziliense.com.br\/blocodenotas\/acidenteaereo\/"]}]},{"@type":"ImageObject","inLanguage":"pt-BR","@id":"https:\/\/newblogs.correiobraziliense.com.br\/blocodenotas\/acidenteaereo\/#primaryimage","url":"https:\/\/newblogs.correiobraziliense.com.br\/blocodenotas\/wp-content\/uploads\/sites\/3\/2024\/08\/2322754e-d248-43fc-8aef-7d4d522b7eef.jpg","contentUrl":"https:\/\/newblogs.correiobraziliense.com.br\/blocodenotas\/wp-content\/uploads\/sites\/3\/2024\/08\/2322754e-d248-43fc-8aef-7d4d522b7eef.jpg","width":600,"height":450,"caption":"CENIPA via Fotos P\u00fablicas"},{"@type":"BreadcrumbList","@id":"https:\/\/newblogs.correiobraziliense.com.br\/blocodenotas\/acidenteaereo\/#breadcrumb","itemListElement":[{"@type":"ListItem","position":1,"name":"In\u00edcio","item":"https:\/\/newblogs.correiobraziliense.com.br\/blocodenotas\/"},{"@type":"ListItem","position":2,"name":"Programa","item":"https:\/\/newblogs.correiobraziliense.com.br\/blocodenotas\/programa\/"},{"@type":"ListItem","position":3,"name":"Acidente a\u00e9reo deixa 62 mortos; ex-ministro Delfim Netto morre em SP"}]},{"@type":"WebSite","@id":"https:\/\/newblogs.correiobraziliense.com.br\/blocodenotas\/#website","url":"https:\/\/newblogs.correiobraziliense.com.br\/blocodenotas\/","name":"Bloco de notas","description":"Este espa\u00e7o ser\u00e1, a partir de hoje, o meu bloco de notas compartilhado com voc\u00ea. E, assim, poder\u00e1 ser tamb\u00e9m o seu bloco de notas. Vou dividir e organizar com voc\u00ea minhas anota\u00e7\u00f5es sobre os fatos da pol\u00edtica, da economia, da vida.","potentialAction":[{"@type":"SearchAction","target":{"@type":"EntryPoint","urlTemplate":"https:\/\/newblogs.correiobraziliense.com.br\/blocodenotas\/?s={search_term_string}"},"query-input":{"@type":"PropertyValueSpecification","valueRequired":true,"valueName":"search_term_string"}}],"inLanguage":"pt-BR"},{"@type":"Person","@id":"https:\/\/newblogs.correiobraziliense.com.br\/blocodenotas\/#\/schema\/person\/a0fff7bd726973b92d5492e165bc4dde","name":"Diego Amorim","image":{"@type":"ImageObject","inLanguage":"pt-BR","@id":"https:\/\/secure.gravatar.com\/avatar\/149eb8ed1dc6e36ec770263cc2075b004439befcd6b992ea240dcafb217cc5bf?s=96&d=mm&r=g","url":"https:\/\/secure.gravatar.com\/avatar\/149eb8ed1dc6e36ec770263cc2075b004439befcd6b992ea240dcafb217cc5bf?s=96&d=mm&r=g","contentUrl":"https:\/\/secure.gravatar.com\/avatar\/149eb8ed1dc6e36ec770263cc2075b004439befcd6b992ea240dcafb217cc5bf?s=96&d=mm&r=g","caption":"Diego Amorim"},"description":"Diego Amorim \u00e9 um dos jornalistas mais premiados de Bras\u00edlia. Com carreira no Correio Braziliense e passagens por ve\u00edculos como Blog do Noblat e O Antagonista, atualmente \u00e9 diretor-executivo e \u00e2ncora da Novabrasil FM na capital federal.","url":"https:\/\/newblogs.correiobraziliense.com.br\/blocodenotas\/author\/diegoamorim\/"}]}},"_links":{"self":[{"href":"https:\/\/newblogs.correiobraziliense.com.br\/blocodenotas\/wp-json\/wp\/v2\/posts\/283","targetHints":{"allow":["GET"]}}],"collection":[{"href":"https:\/\/newblogs.correiobraziliense.com.br\/blocodenotas\/wp-json\/wp\/v2\/posts"}],"about":[{"href":"https:\/\/newblogs.correiobraziliense.com.br\/blocodenotas\/wp-json\/wp\/v2\/types\/post"}],"author":[{"embeddable":true,"href":"https:\/\/newblogs.correiobraziliense.com.br\/blocodenotas\/wp-json\/wp\/v2\/users\/5"}],"replies":[{"embeddable":true,"href":"https:\/\/newblogs.correiobraziliense.com.br\/blocodenotas\/wp-json\/wp\/v2\/comments?post=283"}],"version-history":[{"count":1,"href":"https:\/\/newblogs.correiobraziliense.com.br\/blocodenotas\/wp-json\/wp\/v2\/posts\/283\/revisions"}],"predecessor-version":[{"id":285,"href":"https:\/\/newblogs.correiobraziliense.com.br\/blocodenotas\/wp-json\/wp\/v2\/posts\/283\/revisions\/285"}],"wp:featuredmedia":[{"embeddable":true,"href":"https:\/\/newblogs.correiobraziliense.com.br\/blocodenotas\/wp-json\/wp\/v2\/media\/284"}],"wp:attachment":[{"href":"https:\/\/newblogs.correiobraziliense.com.br\/blocodenotas\/wp-json\/wp\/v2\/media?parent=283"}],"wp:term":[{"taxonomy":"category","embeddable":true,"href":"https:\/\/newblogs.correiobraziliense.com.br\/blocodenotas\/wp-json\/wp\/v2\/categories?post=283"},{"taxonomy":"post_tag","embeddable":true,"href":"https:\/\/newblogs.correiobraziliense.com.br\/blocodenotas\/wp-json\/wp\/v2\/tags?post=283"}],"curies":[{"name":"wp","href":"https:\/\/api.w.org\/{rel}","templated":true}]}}