{"id":266,"date":"2024-07-09T21:24:42","date_gmt":"2024-07-10T00:24:42","guid":{"rendered":"https:\/\/newblogs.correiobraziliense.com.br\/blocodenotas\/?p=266"},"modified":"2024-07-09T21:24:42","modified_gmt":"2024-07-10T00:24:42","slug":"pf-erra-e-bolsonaro-provoca-e-lula-na-bolivia-com-a-cabeca-em-milei","status":"publish","type":"post","link":"https:\/\/newblogs.correiobraziliense.com.br\/blocodenotas\/pf-erra-e-bolsonaro-provoca-e-lula-na-bolivia-com-a-cabeca-em-milei\/","title":{"rendered":"PF erra e Bolsonaro provoca; e Lula na Bol\u00edvia com a cabe\u00e7a em Milei"},"content":{"rendered":"\n<p>No Bloco de Notas desta ter\u00e7a-feira (9\/7), Diego Amorim traz as \u00faltimas atualiza\u00e7\u00f5es sobre Bolsonaro e o inqu\u00e9rito das joias. O ex-presidente usou falha no relat\u00f3rio da PF para tentar descreditar as investiga\u00e7\u00f5es. Al\u00e9m disso, Lula vai a Bol\u00edvia 12 dias ap\u00f3s tentativa de golpe e d\u00e1 indiretas a Javier Milei. E mais: m\u00e9dico especialista em Parkinson teria visitado a Casa Branca 8 vezes nos \u00faltimos 8 meses. Confira!<\/p>\n\n\n\n<figure class=\"wp-block-embed is-type-video is-provider-youtube wp-block-embed-youtube wp-embed-aspect-4-3 wp-has-aspect-ratio\"><div class=\"wp-block-embed__wrapper\">\n<iframe loading=\"lazy\" title=\"\ud83d\udd34 CASO DAS JOIAS; BIDEN COM PARKINSON? LULA VAI A BOL\u00cdVIA E + | BLOCO DE NOTAS\" width=\"640\" height=\"480\" src=\"https:\/\/www.youtube.com\/embed\/TIhFl7bOdrQ?feature=oembed\" frameborder=\"0\" allow=\"accelerometer; autoplay; clipboard-write; encrypted-media; gyroscope; picture-in-picture; web-share\" referrerpolicy=\"strict-origin-when-cross-origin\" allowfullscreen><\/iframe>\n<\/div><\/figure>\n","protected":false},"excerpt":{"rendered":"<p>Confira a \u00edntegra do programa no Correio Braziliense, que vai ao ar de segunda a sexta, a partir das 17h<\/p>\n","protected":false},"author":5,"featured_media":267,"comment_status":"closed","ping_status":"open","sticky":false,"template":"","format":"standard","meta":{"_acf_changed":false,"inline_featured_image":false,"footnotes":""},"categories":[57],"tags":[11,135,13,12,36,6,140],"class_list":["post-266","post","type-post","status-publish","format-standard","has-post-thumbnail","hentry","category-programa","tag-bloco-de-notas","tag-bolivia","tag-correio-braziliense","tag-diego-amorim","tag-javier-milei","tag-lula","tag-mercosul"],"acf":[],"yoast_head":"<!-- This site is optimized with the Yoast SEO plugin v27.3 - https:\/\/yoast.com\/product\/yoast-seo-wordpress\/ -->\n<title>PF erra e Bolsonaro provoca; e Lula na Bol\u00edvia com a cabe\u00e7a em Milei | Bloco de notas<\/title>\n<meta name=\"description\" content=\"Confira a \u00edntegra do programa no Correio Braziliense, que vai ao ar de segunda a sexta, a partir das 17h\" \/>\n<meta name=\"robots\" content=\"index, follow, max-snippet:-1, max-image-preview:large, max-video-preview:-1\" \/>\n<link rel=\"canonical\" href=\"https:\/\/newblogs.correiobraziliense.com.br\/blocodenotas\/pf-erra-e-bolsonaro-provoca-e-lula-na-bolivia-com-a-cabeca-em-milei\/\" \/>\n<meta property=\"og:locale\" content=\"pt_BR\" \/>\n<meta property=\"og:type\" content=\"article\" \/>\n<meta property=\"og:title\" content=\"PF erra e Bolsonaro provoca; e Lula na Bol\u00edvia com a cabe\u00e7a em Milei | Bloco de notas\" \/>\n<meta property=\"og:description\" content=\"Confira a \u00edntegra do programa no Correio Braziliense, que vai ao ar de segunda a sexta, a partir das 17h\" \/>\n<meta property=\"og:url\" content=\"https:\/\/newblogs.correiobraziliense.com.br\/blocodenotas\/pf-erra-e-bolsonaro-provoca-e-lula-na-bolivia-com-a-cabeca-em-milei\/\" \/>\n<meta property=\"og:site_name\" content=\"Bloco de notas\" \/>\n<meta property=\"article:published_time\" content=\"2024-07-10T00:24:42+00:00\" \/>\n<meta property=\"og:image\" content=\"https:\/\/newblogs.correiobraziliense.com.br\/blocodenotas\/wp-content\/uploads\/sites\/3\/2024\/07\/pzbl9129.webp\" \/>\n\t<meta property=\"og:image:width\" content=\"1170\" \/>\n\t<meta property=\"og:image:height\" content=\"700\" \/>\n\t<meta property=\"og:image:type\" content=\"image\/webp\" \/>\n<meta name=\"author\" content=\"Diego Amorim\" \/>\n<!-- \/ Yoast SEO plugin. -->","yoast_head_json":{"title":"PF erra e Bolsonaro provoca; e Lula na Bol\u00edvia com a cabe\u00e7a em Milei | Bloco de notas","description":"Confira a \u00edntegra do programa no Correio Braziliense, que vai ao ar de segunda a sexta, a partir das 17h","robots":{"index":"index","follow":"follow","max-snippet":"max-snippet:-1","max-image-preview":"max-image-preview:large","max-video-preview":"max-video-preview:-1"},"canonical":"https:\/\/newblogs.correiobraziliense.com.br\/blocodenotas\/pf-erra-e-bolsonaro-provoca-e-lula-na-bolivia-com-a-cabeca-em-milei\/","og_locale":"pt_BR","og_type":"article","og_title":"PF erra e Bolsonaro provoca; e Lula na Bol\u00edvia com a cabe\u00e7a em Milei | Bloco de notas","og_description":"Confira a \u00edntegra do programa no Correio Braziliense, que vai ao ar de segunda a sexta, a partir das 17h","og_url":"https:\/\/newblogs.correiobraziliense.com.br\/blocodenotas\/pf-erra-e-bolsonaro-provoca-e-lula-na-bolivia-com-a-cabeca-em-milei\/","og_site_name":"Bloco de notas","article_published_time":"2024-07-10T00:24:42+00:00","og_image":[{"width":1170,"height":700,"url":"https:\/\/newblogs.correiobraziliense.com.br\/blocodenotas\/wp-content\/uploads\/sites\/3\/2024\/07\/pzbl9129.webp","type":"image\/webp"}],"author":"Diego Amorim","schema":{"@context":"https:\/\/schema.org","@graph":[{"@type":"NewsArticle","@id":"https:\/\/newblogs.correiobraziliense.com.br\/blocodenotas\/pf-erra-e-bolsonaro-provoca-e-lula-na-bolivia-com-a-cabeca-em-milei\/#article","isPartOf":{"@id":"https:\/\/newblogs.correiobraziliense.com.br\/blocodenotas\/pf-erra-e-bolsonaro-provoca-e-lula-na-bolivia-com-a-cabeca-em-milei\/"},"author":{"name":"Diego Amorim","@id":"https:\/\/newblogs.correiobraziliense.com.br\/blocodenotas\/#\/schema\/person\/a0fff7bd726973b92d5492e165bc4dde"},"headline":"PF erra e Bolsonaro provoca; e Lula na Bol\u00edvia com a cabe\u00e7a em Milei","datePublished":"2024-07-10T00:24:42+00:00","mainEntityOfPage":{"@id":"https:\/\/newblogs.correiobraziliense.com.br\/blocodenotas\/pf-erra-e-bolsonaro-provoca-e-lula-na-bolivia-com-a-cabeca-em-milei\/"},"wordCount":95,"image":{"@id":"https:\/\/newblogs.correiobraziliense.com.br\/blocodenotas\/pf-erra-e-bolsonaro-provoca-e-lula-na-bolivia-com-a-cabeca-em-milei\/#primaryimage"},"thumbnailUrl":"https:\/\/newblogs.correiobraziliense.com.br\/blocodenotas\/wp-content\/uploads\/sites\/3\/2024\/07\/pzbl9129.webp","keywords":["Bloco de Notas","Bol\u00edvia","Correio Braziliense","Diego Amorim","Javier Milei","Lula","Mercosul"],"articleSection":["Programa"],"inLanguage":"pt-BR"},{"@type":"WebPage","@id":"https:\/\/newblogs.correiobraziliense.com.br\/blocodenotas\/pf-erra-e-bolsonaro-provoca-e-lula-na-bolivia-com-a-cabeca-em-milei\/","url":"https:\/\/newblogs.correiobraziliense.com.br\/blocodenotas\/pf-erra-e-bolsonaro-provoca-e-lula-na-bolivia-com-a-cabeca-em-milei\/","name":"PF erra e Bolsonaro provoca; e Lula na Bol\u00edvia com a cabe\u00e7a em Milei | Bloco de notas","isPartOf":{"@id":"https:\/\/newblogs.correiobraziliense.com.br\/blocodenotas\/#website"},"primaryImageOfPage":{"@id":"https:\/\/newblogs.correiobraziliense.com.br\/blocodenotas\/pf-erra-e-bolsonaro-provoca-e-lula-na-bolivia-com-a-cabeca-em-milei\/#primaryimage"},"image":{"@id":"https:\/\/newblogs.correiobraziliense.com.br\/blocodenotas\/pf-erra-e-bolsonaro-provoca-e-lula-na-bolivia-com-a-cabeca-em-milei\/#primaryimage"},"thumbnailUrl":"https:\/\/newblogs.correiobraziliense.com.br\/blocodenotas\/wp-content\/uploads\/sites\/3\/2024\/07\/pzbl9129.webp","datePublished":"2024-07-10T00:24:42+00:00","author":{"@id":"https:\/\/newblogs.correiobraziliense.com.br\/blocodenotas\/#\/schema\/person\/a0fff7bd726973b92d5492e165bc4dde"},"description":"Confira a \u00edntegra do programa no Correio Braziliense, que vai ao ar de segunda a sexta, a partir das 17h","breadcrumb":{"@id":"https:\/\/newblogs.correiobraziliense.com.br\/blocodenotas\/pf-erra-e-bolsonaro-provoca-e-lula-na-bolivia-com-a-cabeca-em-milei\/#breadcrumb"},"inLanguage":"pt-BR","potentialAction":[{"@type":"ReadAction","target":["https:\/\/newblogs.correiobraziliense.com.br\/blocodenotas\/pf-erra-e-bolsonaro-provoca-e-lula-na-bolivia-com-a-cabeca-em-milei\/"]}]},{"@type":"ImageObject","inLanguage":"pt-BR","@id":"https:\/\/newblogs.correiobraziliense.com.br\/blocodenotas\/pf-erra-e-bolsonaro-provoca-e-lula-na-bolivia-com-a-cabeca-em-milei\/#primaryimage","url":"https:\/\/newblogs.correiobraziliense.com.br\/blocodenotas\/wp-content\/uploads\/sites\/3\/2024\/07\/pzbl9129.webp","contentUrl":"https:\/\/newblogs.correiobraziliense.com.br\/blocodenotas\/wp-content\/uploads\/sites\/3\/2024\/07\/pzbl9129.webp","width":1170,"height":700,"caption":"Fabio Rodrigues Pozzebom\/Ag\u00eancia Brasil"},{"@type":"BreadcrumbList","@id":"https:\/\/newblogs.correiobraziliense.com.br\/blocodenotas\/pf-erra-e-bolsonaro-provoca-e-lula-na-bolivia-com-a-cabeca-em-milei\/#breadcrumb","itemListElement":[{"@type":"ListItem","position":1,"name":"In\u00edcio","item":"https:\/\/newblogs.correiobraziliense.com.br\/blocodenotas\/"},{"@type":"ListItem","position":2,"name":"Programa","item":"https:\/\/newblogs.correiobraziliense.com.br\/blocodenotas\/programa\/"},{"@type":"ListItem","position":3,"name":"PF erra e Bolsonaro provoca; e Lula na Bol\u00edvia com a cabe\u00e7a em Milei"}]},{"@type":"WebSite","@id":"https:\/\/newblogs.correiobraziliense.com.br\/blocodenotas\/#website","url":"https:\/\/newblogs.correiobraziliense.com.br\/blocodenotas\/","name":"Bloco de notas","description":"Este espa\u00e7o ser\u00e1, a partir de hoje, o meu bloco de notas compartilhado com voc\u00ea. E, assim, poder\u00e1 ser tamb\u00e9m o seu bloco de notas. Vou dividir e organizar com voc\u00ea minhas anota\u00e7\u00f5es sobre os fatos da pol\u00edtica, da economia, da vida.","potentialAction":[{"@type":"SearchAction","target":{"@type":"EntryPoint","urlTemplate":"https:\/\/newblogs.correiobraziliense.com.br\/blocodenotas\/?s={search_term_string}"},"query-input":{"@type":"PropertyValueSpecification","valueRequired":true,"valueName":"search_term_string"}}],"inLanguage":"pt-BR"},{"@type":"Person","@id":"https:\/\/newblogs.correiobraziliense.com.br\/blocodenotas\/#\/schema\/person\/a0fff7bd726973b92d5492e165bc4dde","name":"Diego Amorim","image":{"@type":"ImageObject","inLanguage":"pt-BR","@id":"https:\/\/secure.gravatar.com\/avatar\/149eb8ed1dc6e36ec770263cc2075b004439befcd6b992ea240dcafb217cc5bf?s=96&d=mm&r=g","url":"https:\/\/secure.gravatar.com\/avatar\/149eb8ed1dc6e36ec770263cc2075b004439befcd6b992ea240dcafb217cc5bf?s=96&d=mm&r=g","contentUrl":"https:\/\/secure.gravatar.com\/avatar\/149eb8ed1dc6e36ec770263cc2075b004439befcd6b992ea240dcafb217cc5bf?s=96&d=mm&r=g","caption":"Diego Amorim"},"description":"Diego Amorim \u00e9 um dos jornalistas mais premiados de Bras\u00edlia. Com carreira no Correio Braziliense e passagens por ve\u00edculos como Blog do Noblat e O Antagonista, atualmente \u00e9 diretor-executivo e \u00e2ncora da Novabrasil FM na capital federal.","url":"https:\/\/newblogs.correiobraziliense.com.br\/blocodenotas\/author\/diegoamorim\/"}]}},"_links":{"self":[{"href":"https:\/\/newblogs.correiobraziliense.com.br\/blocodenotas\/wp-json\/wp\/v2\/posts\/266","targetHints":{"allow":["GET"]}}],"collection":[{"href":"https:\/\/newblogs.correiobraziliense.com.br\/blocodenotas\/wp-json\/wp\/v2\/posts"}],"about":[{"href":"https:\/\/newblogs.correiobraziliense.com.br\/blocodenotas\/wp-json\/wp\/v2\/types\/post"}],"author":[{"embeddable":true,"href":"https:\/\/newblogs.correiobraziliense.com.br\/blocodenotas\/wp-json\/wp\/v2\/users\/5"}],"replies":[{"embeddable":true,"href":"https:\/\/newblogs.correiobraziliense.com.br\/blocodenotas\/wp-json\/wp\/v2\/comments?post=266"}],"version-history":[{"count":1,"href":"https:\/\/newblogs.correiobraziliense.com.br\/blocodenotas\/wp-json\/wp\/v2\/posts\/266\/revisions"}],"predecessor-version":[{"id":268,"href":"https:\/\/newblogs.correiobraziliense.com.br\/blocodenotas\/wp-json\/wp\/v2\/posts\/266\/revisions\/268"}],"wp:featuredmedia":[{"embeddable":true,"href":"https:\/\/newblogs.correiobraziliense.com.br\/blocodenotas\/wp-json\/wp\/v2\/media\/267"}],"wp:attachment":[{"href":"https:\/\/newblogs.correiobraziliense.com.br\/blocodenotas\/wp-json\/wp\/v2\/media?parent=266"}],"wp:term":[{"taxonomy":"category","embeddable":true,"href":"https:\/\/newblogs.correiobraziliense.com.br\/blocodenotas\/wp-json\/wp\/v2\/categories?post=266"},{"taxonomy":"post_tag","embeddable":true,"href":"https:\/\/newblogs.correiobraziliense.com.br\/blocodenotas\/wp-json\/wp\/v2\/tags?post=266"}],"curies":[{"name":"wp","href":"https:\/\/api.w.org\/{rel}","templated":true}]}}