{"id":263,"date":"2024-07-09T08:02:40","date_gmt":"2024-07-09T11:02:40","guid":{"rendered":"https:\/\/newblogs.correiobraziliense.com.br\/blocodenotas\/?p=263"},"modified":"2024-07-09T21:13:10","modified_gmt":"2024-07-10T00:13:10","slug":"nao-nos-esquecamos-do-rio-grande-do-sul","status":"publish","type":"post","link":"https:\/\/newblogs.correiobraziliense.com.br\/blocodenotas\/nao-nos-esquecamos-do-rio-grande-do-sul\/","title":{"rendered":"N\u00e3o nos esque\u00e7amos do Rio Grande do Sul"},"content":{"rendered":"\n\n\n\n\n<p>Em meio \u00e0 trag\u00e9dia clim\u00e1tica sem precedentes no Rio Grande do Sul, que come\u00e7ou mais de dois meses atr\u00e1s, muitos diziam que n\u00f3s n\u00e3o poder\u00edamos nos esquecer t\u00e3o cedo da situa\u00e7\u00e3o no estado.<\/p>\n\n\n\n<p>Mas eu e voc\u00ea, infelizmente, sabemos, acabamos nos acostumando com trag\u00e9dias, ficamos anestesiados e vamos tocando a vida.<\/p>\n\n\n\n<p>Por isso que nesta semana eu quis ouvir os senadores pelo Rio Grande do Sul Hamilton Mour\u00e3o (Republicano) e Paulo Paim (PT), de campos pol\u00edticos diferentes.<\/p>\n\n\n\n<p>Mour\u00e3o me disse que o estado vai precisar do socorro da Uni\u00e3o pelo menos pelos pr\u00f3ximos dois anos.<\/p>\n\n\n\n<p>Paulo Paim me contou que, a partir de informa\u00e7\u00f5es ainda preliminares, a ajuda financeira necess\u00e1ria para reconstruir o Rio Grande do Sul ser\u00e1 de mais de R$ 250 bilh\u00f5es. Isso mesmo: R$ 250 bilh\u00f5es.<\/p>\n\n\n\n<p>Muito aos poucos, a vida vai sendo retomada para ga\u00fachos e ga\u00fachas: para a pr\u00f3xima segunda-feira, por exemplo, h\u00e1 a promessa de que o embarque e o desembarque no Aeroporto Salgado Filho, em Porto Alegre, volte a funcionar, embora pousos e decolagens continuem ocorrendo na Base A\u00e9rea de Canoas.<\/p>\n\n\n\n<p>Eventuais disputas pol\u00edticas n\u00e3o poder\u00e3o de forma alguma atrapalhar a reconstru\u00e7\u00e3o do estado. E mais: gestores de outras unidades da Federa\u00e7\u00e3o n\u00e3o ter\u00e3o o direito de ficar, digamos assim, enciumados com a ajuda ao Rio Grande do Sul. Quem reclamar poder\u00e1 cobrar da Uni\u00e3o recursos para planejamento e preven\u00e7\u00e3o de crises clim\u00e1ticas, para que ningu\u00e9m passe pelo que o estado do Sul est\u00e1 passando.<\/p>\n","protected":false},"excerpt":{"rendered":"<p>Pelo menos pelos pr\u00f3ximos dois anos, o estado devastado por uma crise clim\u00e1tica sem precedentes precisar\u00e1 de apoio<\/p>\n","protected":false},"author":5,"featured_media":265,"comment_status":"closed","ping_status":"open","sticky":false,"template":"","format":"standard","meta":{"_acf_changed":false,"inline_featured_image":false,"footnotes":""},"categories":[63],"tags":[11,13,12,29],"class_list":["post-263","post","type-post","status-publish","format-standard","has-post-thumbnail","hentry","category-anotacoes","tag-bloco-de-notas","tag-correio-braziliense","tag-diego-amorim","tag-rio-grande-do-sul"],"acf":[],"yoast_head":"<!-- This site is optimized with the Yoast SEO plugin v27.3 - https:\/\/yoast.com\/product\/yoast-seo-wordpress\/ -->\n<title>N\u00e3o nos esque\u00e7amos do Rio Grande do Sul | Bloco de notas<\/title>\n<meta name=\"description\" content=\"Pelo menos pelos pr\u00f3ximos dois anos, o estado devastado por uma crise clim\u00e1tica sem precedentes precisar\u00e1 de apoio\" \/>\n<meta name=\"robots\" content=\"index, follow, max-snippet:-1, max-image-preview:large, max-video-preview:-1\" \/>\n<link rel=\"canonical\" href=\"https:\/\/newblogs.correiobraziliense.com.br\/blocodenotas\/nao-nos-esquecamos-do-rio-grande-do-sul\/\" \/>\n<meta property=\"og:locale\" content=\"pt_BR\" \/>\n<meta property=\"og:type\" content=\"article\" \/>\n<meta property=\"og:title\" content=\"N\u00e3o nos esque\u00e7amos do Rio Grande do Sul | Bloco de notas\" \/>\n<meta property=\"og:description\" content=\"Pelo menos pelos pr\u00f3ximos dois anos, o estado devastado por uma crise clim\u00e1tica sem precedentes precisar\u00e1 de apoio\" \/>\n<meta property=\"og:url\" content=\"https:\/\/newblogs.correiobraziliense.com.br\/blocodenotas\/nao-nos-esquecamos-do-rio-grande-do-sul\/\" \/>\n<meta property=\"og:site_name\" content=\"Bloco de notas\" \/>\n<meta property=\"article:published_time\" content=\"2024-07-09T11:02:40+00:00\" \/>\n<meta property=\"article:modified_time\" content=\"2024-07-10T00:13:10+00:00\" \/>\n<meta property=\"og:image\" content=\"https:\/\/newblogs.correiobraziliense.com.br\/blocodenotas\/wp-content\/uploads\/sites\/3\/2024\/07\/bandeirars_premiereage.jpg\" \/>\n\t<meta property=\"og:image:width\" content=\"1525\" \/>\n\t<meta property=\"og:image:height\" content=\"1067\" \/>\n\t<meta property=\"og:image:type\" content=\"image\/jpeg\" \/>\n<meta name=\"author\" content=\"Diego Amorim\" \/>\n<!-- \/ Yoast SEO plugin. -->","yoast_head_json":{"title":"N\u00e3o nos esque\u00e7amos do Rio Grande do Sul | Bloco de notas","description":"Pelo menos pelos pr\u00f3ximos dois anos, o estado devastado por uma crise clim\u00e1tica sem precedentes precisar\u00e1 de apoio","robots":{"index":"index","follow":"follow","max-snippet":"max-snippet:-1","max-image-preview":"max-image-preview:large","max-video-preview":"max-video-preview:-1"},"canonical":"https:\/\/newblogs.correiobraziliense.com.br\/blocodenotas\/nao-nos-esquecamos-do-rio-grande-do-sul\/","og_locale":"pt_BR","og_type":"article","og_title":"N\u00e3o nos esque\u00e7amos do Rio Grande do Sul | Bloco de notas","og_description":"Pelo menos pelos pr\u00f3ximos dois anos, o estado devastado por uma crise clim\u00e1tica sem precedentes precisar\u00e1 de apoio","og_url":"https:\/\/newblogs.correiobraziliense.com.br\/blocodenotas\/nao-nos-esquecamos-do-rio-grande-do-sul\/","og_site_name":"Bloco de notas","article_published_time":"2024-07-09T11:02:40+00:00","article_modified_time":"2024-07-10T00:13:10+00:00","og_image":[{"width":1525,"height":1067,"url":"https:\/\/newblogs.correiobraziliense.com.br\/blocodenotas\/wp-content\/uploads\/sites\/3\/2024\/07\/bandeirars_premiereage.jpg","type":"image\/jpeg"}],"author":"Diego Amorim","schema":{"@context":"https:\/\/schema.org","@graph":[{"@type":"NewsArticle","@id":"https:\/\/newblogs.correiobraziliense.com.br\/blocodenotas\/nao-nos-esquecamos-do-rio-grande-do-sul\/#article","isPartOf":{"@id":"https:\/\/newblogs.correiobraziliense.com.br\/blocodenotas\/nao-nos-esquecamos-do-rio-grande-do-sul\/"},"author":{"name":"Diego Amorim","@id":"https:\/\/newblogs.correiobraziliense.com.br\/blocodenotas\/#\/schema\/person\/a0fff7bd726973b92d5492e165bc4dde"},"headline":"N\u00e3o nos esque\u00e7amos do Rio Grande do Sul","datePublished":"2024-07-09T11:02:40+00:00","dateModified":"2024-07-10T00:13:10+00:00","mainEntityOfPage":{"@id":"https:\/\/newblogs.correiobraziliense.com.br\/blocodenotas\/nao-nos-esquecamos-do-rio-grande-do-sul\/"},"wordCount":283,"image":{"@id":"https:\/\/newblogs.correiobraziliense.com.br\/blocodenotas\/nao-nos-esquecamos-do-rio-grande-do-sul\/#primaryimage"},"thumbnailUrl":"https:\/\/newblogs.correiobraziliense.com.br\/blocodenotas\/wp-content\/uploads\/sites\/3\/2024\/07\/bandeirars_premiereage.jpg","keywords":["Bloco de Notas","Correio Braziliense","Diego Amorim","Rio Grande do Sul"],"articleSection":["Anota\u00e7\u00f5es"],"inLanguage":"pt-BR"},{"@type":"WebPage","@id":"https:\/\/newblogs.correiobraziliense.com.br\/blocodenotas\/nao-nos-esquecamos-do-rio-grande-do-sul\/","url":"https:\/\/newblogs.correiobraziliense.com.br\/blocodenotas\/nao-nos-esquecamos-do-rio-grande-do-sul\/","name":"N\u00e3o nos esque\u00e7amos do Rio Grande do Sul | Bloco de notas","isPartOf":{"@id":"https:\/\/newblogs.correiobraziliense.com.br\/blocodenotas\/#website"},"primaryImageOfPage":{"@id":"https:\/\/newblogs.correiobraziliense.com.br\/blocodenotas\/nao-nos-esquecamos-do-rio-grande-do-sul\/#primaryimage"},"image":{"@id":"https:\/\/newblogs.correiobraziliense.com.br\/blocodenotas\/nao-nos-esquecamos-do-rio-grande-do-sul\/#primaryimage"},"thumbnailUrl":"https:\/\/newblogs.correiobraziliense.com.br\/blocodenotas\/wp-content\/uploads\/sites\/3\/2024\/07\/bandeirars_premiereage.jpg","datePublished":"2024-07-09T11:02:40+00:00","dateModified":"2024-07-10T00:13:10+00:00","author":{"@id":"https:\/\/newblogs.correiobraziliense.com.br\/blocodenotas\/#\/schema\/person\/a0fff7bd726973b92d5492e165bc4dde"},"description":"Pelo menos pelos pr\u00f3ximos dois anos, o estado devastado por uma crise clim\u00e1tica sem precedentes precisar\u00e1 de apoio","breadcrumb":{"@id":"https:\/\/newblogs.correiobraziliense.com.br\/blocodenotas\/nao-nos-esquecamos-do-rio-grande-do-sul\/#breadcrumb"},"inLanguage":"pt-BR","potentialAction":[{"@type":"ReadAction","target":["https:\/\/newblogs.correiobraziliense.com.br\/blocodenotas\/nao-nos-esquecamos-do-rio-grande-do-sul\/"]}]},{"@type":"ImageObject","inLanguage":"pt-BR","@id":"https:\/\/newblogs.correiobraziliense.com.br\/blocodenotas\/nao-nos-esquecamos-do-rio-grande-do-sul\/#primaryimage","url":"https:\/\/newblogs.correiobraziliense.com.br\/blocodenotas\/wp-content\/uploads\/sites\/3\/2024\/07\/bandeirars_premiereage.jpg","contentUrl":"https:\/\/newblogs.correiobraziliense.com.br\/blocodenotas\/wp-content\/uploads\/sites\/3\/2024\/07\/bandeirars_premiereage.jpg","width":1525,"height":1067},{"@type":"BreadcrumbList","@id":"https:\/\/newblogs.correiobraziliense.com.br\/blocodenotas\/nao-nos-esquecamos-do-rio-grande-do-sul\/#breadcrumb","itemListElement":[{"@type":"ListItem","position":1,"name":"In\u00edcio","item":"https:\/\/newblogs.correiobraziliense.com.br\/blocodenotas\/"},{"@type":"ListItem","position":2,"name":"Anota\u00e7\u00f5es","item":"https:\/\/newblogs.correiobraziliense.com.br\/blocodenotas\/anotacoes\/"},{"@type":"ListItem","position":3,"name":"N\u00e3o nos esque\u00e7amos do Rio Grande do Sul"}]},{"@type":"WebSite","@id":"https:\/\/newblogs.correiobraziliense.com.br\/blocodenotas\/#website","url":"https:\/\/newblogs.correiobraziliense.com.br\/blocodenotas\/","name":"Bloco de notas","description":"Este espa\u00e7o ser\u00e1, a partir de hoje, o meu bloco de notas compartilhado com voc\u00ea. E, assim, poder\u00e1 ser tamb\u00e9m o seu bloco de notas. Vou dividir e organizar com voc\u00ea minhas anota\u00e7\u00f5es sobre os fatos da pol\u00edtica, da economia, da vida.","potentialAction":[{"@type":"SearchAction","target":{"@type":"EntryPoint","urlTemplate":"https:\/\/newblogs.correiobraziliense.com.br\/blocodenotas\/?s={search_term_string}"},"query-input":{"@type":"PropertyValueSpecification","valueRequired":true,"valueName":"search_term_string"}}],"inLanguage":"pt-BR"},{"@type":"Person","@id":"https:\/\/newblogs.correiobraziliense.com.br\/blocodenotas\/#\/schema\/person\/a0fff7bd726973b92d5492e165bc4dde","name":"Diego Amorim","image":{"@type":"ImageObject","inLanguage":"pt-BR","@id":"https:\/\/secure.gravatar.com\/avatar\/149eb8ed1dc6e36ec770263cc2075b004439befcd6b992ea240dcafb217cc5bf?s=96&d=mm&r=g","url":"https:\/\/secure.gravatar.com\/avatar\/149eb8ed1dc6e36ec770263cc2075b004439befcd6b992ea240dcafb217cc5bf?s=96&d=mm&r=g","contentUrl":"https:\/\/secure.gravatar.com\/avatar\/149eb8ed1dc6e36ec770263cc2075b004439befcd6b992ea240dcafb217cc5bf?s=96&d=mm&r=g","caption":"Diego Amorim"},"description":"Diego Amorim \u00e9 um dos jornalistas mais premiados de Bras\u00edlia. Com carreira no Correio Braziliense e passagens por ve\u00edculos como Blog do Noblat e O Antagonista, atualmente \u00e9 diretor-executivo e \u00e2ncora da Novabrasil FM na capital federal.","url":"https:\/\/newblogs.correiobraziliense.com.br\/blocodenotas\/author\/diegoamorim\/"}]}},"_links":{"self":[{"href":"https:\/\/newblogs.correiobraziliense.com.br\/blocodenotas\/wp-json\/wp\/v2\/posts\/263","targetHints":{"allow":["GET"]}}],"collection":[{"href":"https:\/\/newblogs.correiobraziliense.com.br\/blocodenotas\/wp-json\/wp\/v2\/posts"}],"about":[{"href":"https:\/\/newblogs.correiobraziliense.com.br\/blocodenotas\/wp-json\/wp\/v2\/types\/post"}],"author":[{"embeddable":true,"href":"https:\/\/newblogs.correiobraziliense.com.br\/blocodenotas\/wp-json\/wp\/v2\/users\/5"}],"replies":[{"embeddable":true,"href":"https:\/\/newblogs.correiobraziliense.com.br\/blocodenotas\/wp-json\/wp\/v2\/comments?post=263"}],"version-history":[{"count":1,"href":"https:\/\/newblogs.correiobraziliense.com.br\/blocodenotas\/wp-json\/wp\/v2\/posts\/263\/revisions"}],"predecessor-version":[{"id":264,"href":"https:\/\/newblogs.correiobraziliense.com.br\/blocodenotas\/wp-json\/wp\/v2\/posts\/263\/revisions\/264"}],"wp:featuredmedia":[{"embeddable":true,"href":"https:\/\/newblogs.correiobraziliense.com.br\/blocodenotas\/wp-json\/wp\/v2\/media\/265"}],"wp:attachment":[{"href":"https:\/\/newblogs.correiobraziliense.com.br\/blocodenotas\/wp-json\/wp\/v2\/media?parent=263"}],"wp:term":[{"taxonomy":"category","embeddable":true,"href":"https:\/\/newblogs.correiobraziliense.com.br\/blocodenotas\/wp-json\/wp\/v2\/categories?post=263"},{"taxonomy":"post_tag","embeddable":true,"href":"https:\/\/newblogs.correiobraziliense.com.br\/blocodenotas\/wp-json\/wp\/v2\/tags?post=263"}],"curies":[{"name":"wp","href":"https:\/\/api.w.org\/{rel}","templated":true}]}}