{"id":226,"date":"2024-06-20T13:16:20","date_gmt":"2024-06-20T16:16:20","guid":{"rendered":"https:\/\/newblogs.correiobraziliense.com.br\/blocodenotas\/?p=226"},"modified":"2024-06-25T20:37:22","modified_gmt":"2024-06-25T23:37:22","slug":"existe-momento-ideal-para-se-lancar-candidato","status":"publish","type":"post","link":"https:\/\/newblogs.correiobraziliense.com.br\/blocodenotas\/existe-momento-ideal-para-se-lancar-candidato\/","title":{"rendered":"Existe momento ideal para se lan\u00e7ar candidato?"},"content":{"rendered":"\n\n\n\n\n<p>Nesta semana, o presidente Lula, pela primeira vez, admitiu a possibilidade de se lan\u00e7ar \u00e0 reelei\u00e7\u00e3o novamente, em 2026. E piscou para o governador de S\u00e3o Paulo, Tarc\u00edsio de Freitas, como um poss\u00edvel advers\u00e1rio nas urnas. Tarc\u00edsio, at\u00e9 aqui, ainda n\u00e3o se colocou publicamente como um nome ao Pal\u00e1cio do Planalto.<\/p>\n\n\n\n<p>Diante disso, a minha pergunta para a nossa reflex\u00e3o \u00e9: existe momento ideal para se lan\u00e7ar candidato? Sim, existe. E qual \u00e9 esse momento? \u00c9 a pergunta que rende &#8220;resposta de milh\u00f5es&#8221;, como dizem os mais jovens.<\/p>\n\n\n\n<p>H\u00e1 quem ensaie se colocar numa disputa eleitoral somente para medir a temperatura das rea\u00e7\u00f5es: favor\u00e1veis ou contr\u00e1rias. Outros, mais convictos e seguros da decis\u00e3o, se jogam numa campanha antecipadamente sem pensar muito.<\/p>\n\n\n\n<p>O resultado vai depender de um monte de coisa: dos advers\u00e1rios, do cen\u00e1rio pol\u00edtico do momento, por exemplo.<\/p>\n\n\n\n<p>N\u00e3o \u00e9 muito raro termos aqueles que se atrapalham e &#8220;queimam a larga&#8221;, colhendo as consequ\u00eancias disso. Mas, em tese, a experi\u00eancia vai fazendo com que os chamados &#8220;caciques pol\u00edticos&#8221; saibam achar o <em>timing<\/em> de uma divulga\u00e7\u00e3o de candidatura considerada mais importante.<\/p>\n\n\n\n<p>O ruim \u00e9 que, como n\u00e3o \u00e9 algo muito concentro encontrar esse momento de ideal de dizer &#8220;sim, eu sou candidato&#8221;, a turma n\u00e3o desce do palanque em momento algum. A\u00ed tudo vira uma eterna campanha, o que dificulta o que vislumbramos como boa pol\u00edtica.<\/p>\n","protected":false},"excerpt":{"rendered":"<p>A resposta \u00e9 sim. Mas, como n\u00e3o \u00e9 algo muito concreto, a busca por esse timing faz com que tudo vire uma eterna campanha<\/p>\n","protected":false},"author":5,"featured_media":234,"comment_status":"closed","ping_status":"open","sticky":false,"template":"","format":"standard","meta":{"_acf_changed":false,"inline_featured_image":false,"footnotes":""},"categories":[63],"tags":[11,13,12,127],"class_list":["post-226","post","type-post","status-publish","format-standard","has-post-thumbnail","hentry","category-anotacoes","tag-bloco-de-notas","tag-correio-braziliense","tag-diego-amorim","tag-eleicoes"],"acf":[],"yoast_head":"<!-- This site is optimized with the Yoast SEO plugin v27.3 - https:\/\/yoast.com\/product\/yoast-seo-wordpress\/ -->\n<title>Existe momento ideal para se lan\u00e7ar candidato? | Bloco de notas<\/title>\n<meta name=\"description\" content=\"A resposta \u00e9 sim. Mas, como n\u00e3o \u00e9 algo muito concreto, a busca por esse timing faz com que tudo vire uma eterna campanha\" \/>\n<meta name=\"robots\" content=\"index, follow, max-snippet:-1, max-image-preview:large, max-video-preview:-1\" \/>\n<link rel=\"canonical\" href=\"https:\/\/newblogs.correiobraziliense.com.br\/blocodenotas\/existe-momento-ideal-para-se-lancar-candidato\/\" \/>\n<meta property=\"og:locale\" content=\"pt_BR\" \/>\n<meta property=\"og:type\" content=\"article\" \/>\n<meta property=\"og:title\" content=\"Existe momento ideal para se lan\u00e7ar candidato? | Bloco de notas\" \/>\n<meta property=\"og:description\" content=\"A resposta \u00e9 sim. Mas, como n\u00e3o \u00e9 algo muito concreto, a busca por esse timing faz com que tudo vire uma eterna campanha\" \/>\n<meta property=\"og:url\" content=\"https:\/\/newblogs.correiobraziliense.com.br\/blocodenotas\/existe-momento-ideal-para-se-lancar-candidato\/\" \/>\n<meta property=\"og:site_name\" content=\"Bloco de notas\" \/>\n<meta property=\"article:published_time\" content=\"2024-06-20T16:16:20+00:00\" \/>\n<meta property=\"article:modified_time\" content=\"2024-06-25T23:37:22+00:00\" \/>\n<meta property=\"og:image\" content=\"https:\/\/newblogs.correiobraziliense.com.br\/blocodenotas\/wp-content\/uploads\/sites\/3\/2024\/06\/img_6862.webp\" \/>\n\t<meta property=\"og:image:width\" content=\"1024\" \/>\n\t<meta property=\"og:image:height\" content=\"768\" \/>\n\t<meta property=\"og:image:type\" content=\"image\/webp\" \/>\n<meta name=\"author\" content=\"Diego Amorim\" \/>\n<!-- \/ Yoast SEO plugin. -->","yoast_head_json":{"title":"Existe momento ideal para se lan\u00e7ar candidato? | Bloco de notas","description":"A resposta \u00e9 sim. Mas, como n\u00e3o \u00e9 algo muito concreto, a busca por esse timing faz com que tudo vire uma eterna campanha","robots":{"index":"index","follow":"follow","max-snippet":"max-snippet:-1","max-image-preview":"max-image-preview:large","max-video-preview":"max-video-preview:-1"},"canonical":"https:\/\/newblogs.correiobraziliense.com.br\/blocodenotas\/existe-momento-ideal-para-se-lancar-candidato\/","og_locale":"pt_BR","og_type":"article","og_title":"Existe momento ideal para se lan\u00e7ar candidato? | Bloco de notas","og_description":"A resposta \u00e9 sim. Mas, como n\u00e3o \u00e9 algo muito concreto, a busca por esse timing faz com que tudo vire uma eterna campanha","og_url":"https:\/\/newblogs.correiobraziliense.com.br\/blocodenotas\/existe-momento-ideal-para-se-lancar-candidato\/","og_site_name":"Bloco de notas","article_published_time":"2024-06-20T16:16:20+00:00","article_modified_time":"2024-06-25T23:37:22+00:00","og_image":[{"width":1024,"height":768,"url":"https:\/\/newblogs.correiobraziliense.com.br\/blocodenotas\/wp-content\/uploads\/sites\/3\/2024\/06\/img_6862.webp","type":"image\/webp"}],"author":"Diego Amorim","schema":{"@context":"https:\/\/schema.org","@graph":[{"@type":"NewsArticle","@id":"https:\/\/newblogs.correiobraziliense.com.br\/blocodenotas\/existe-momento-ideal-para-se-lancar-candidato\/#article","isPartOf":{"@id":"https:\/\/newblogs.correiobraziliense.com.br\/blocodenotas\/existe-momento-ideal-para-se-lancar-candidato\/"},"author":{"name":"Diego Amorim","@id":"https:\/\/newblogs.correiobraziliense.com.br\/blocodenotas\/#\/schema\/person\/a0fff7bd726973b92d5492e165bc4dde"},"headline":"Existe momento ideal para se lan\u00e7ar candidato?","datePublished":"2024-06-20T16:16:20+00:00","dateModified":"2024-06-25T23:37:22+00:00","mainEntityOfPage":{"@id":"https:\/\/newblogs.correiobraziliense.com.br\/blocodenotas\/existe-momento-ideal-para-se-lancar-candidato\/"},"wordCount":253,"image":{"@id":"https:\/\/newblogs.correiobraziliense.com.br\/blocodenotas\/existe-momento-ideal-para-se-lancar-candidato\/#primaryimage"},"thumbnailUrl":"https:\/\/newblogs.correiobraziliense.com.br\/blocodenotas\/wp-content\/uploads\/sites\/3\/2024\/06\/img_6862.webp","keywords":["Bloco de Notas","Correio Braziliense","Diego Amorim","elei\u00e7\u00f5es"],"articleSection":["Anota\u00e7\u00f5es"],"inLanguage":"pt-BR"},{"@type":"WebPage","@id":"https:\/\/newblogs.correiobraziliense.com.br\/blocodenotas\/existe-momento-ideal-para-se-lancar-candidato\/","url":"https:\/\/newblogs.correiobraziliense.com.br\/blocodenotas\/existe-momento-ideal-para-se-lancar-candidato\/","name":"Existe momento ideal para se lan\u00e7ar candidato? | Bloco de notas","isPartOf":{"@id":"https:\/\/newblogs.correiobraziliense.com.br\/blocodenotas\/#website"},"primaryImageOfPage":{"@id":"https:\/\/newblogs.correiobraziliense.com.br\/blocodenotas\/existe-momento-ideal-para-se-lancar-candidato\/#primaryimage"},"image":{"@id":"https:\/\/newblogs.correiobraziliense.com.br\/blocodenotas\/existe-momento-ideal-para-se-lancar-candidato\/#primaryimage"},"thumbnailUrl":"https:\/\/newblogs.correiobraziliense.com.br\/blocodenotas\/wp-content\/uploads\/sites\/3\/2024\/06\/img_6862.webp","datePublished":"2024-06-20T16:16:20+00:00","dateModified":"2024-06-25T23:37:22+00:00","author":{"@id":"https:\/\/newblogs.correiobraziliense.com.br\/blocodenotas\/#\/schema\/person\/a0fff7bd726973b92d5492e165bc4dde"},"description":"A resposta \u00e9 sim. Mas, como n\u00e3o \u00e9 algo muito concreto, a busca por esse timing faz com que tudo vire uma eterna campanha","breadcrumb":{"@id":"https:\/\/newblogs.correiobraziliense.com.br\/blocodenotas\/existe-momento-ideal-para-se-lancar-candidato\/#breadcrumb"},"inLanguage":"pt-BR","potentialAction":[{"@type":"ReadAction","target":["https:\/\/newblogs.correiobraziliense.com.br\/blocodenotas\/existe-momento-ideal-para-se-lancar-candidato\/"]}]},{"@type":"ImageObject","inLanguage":"pt-BR","@id":"https:\/\/newblogs.correiobraziliense.com.br\/blocodenotas\/existe-momento-ideal-para-se-lancar-candidato\/#primaryimage","url":"https:\/\/newblogs.correiobraziliense.com.br\/blocodenotas\/wp-content\/uploads\/sites\/3\/2024\/06\/img_6862.webp","contentUrl":"https:\/\/newblogs.correiobraziliense.com.br\/blocodenotas\/wp-content\/uploads\/sites\/3\/2024\/06\/img_6862.webp","width":1024,"height":768,"caption":"Rovena Rosa\/Ag\u00eancia Brasil"},{"@type":"BreadcrumbList","@id":"https:\/\/newblogs.correiobraziliense.com.br\/blocodenotas\/existe-momento-ideal-para-se-lancar-candidato\/#breadcrumb","itemListElement":[{"@type":"ListItem","position":1,"name":"In\u00edcio","item":"https:\/\/newblogs.correiobraziliense.com.br\/blocodenotas\/"},{"@type":"ListItem","position":2,"name":"Anota\u00e7\u00f5es","item":"https:\/\/newblogs.correiobraziliense.com.br\/blocodenotas\/anotacoes\/"},{"@type":"ListItem","position":3,"name":"Existe momento ideal para se lan\u00e7ar candidato?"}]},{"@type":"WebSite","@id":"https:\/\/newblogs.correiobraziliense.com.br\/blocodenotas\/#website","url":"https:\/\/newblogs.correiobraziliense.com.br\/blocodenotas\/","name":"Bloco de notas","description":"Este espa\u00e7o ser\u00e1, a partir de hoje, o meu bloco de notas compartilhado com voc\u00ea. E, assim, poder\u00e1 ser tamb\u00e9m o seu bloco de notas. Vou dividir e organizar com voc\u00ea minhas anota\u00e7\u00f5es sobre os fatos da pol\u00edtica, da economia, da vida.","potentialAction":[{"@type":"SearchAction","target":{"@type":"EntryPoint","urlTemplate":"https:\/\/newblogs.correiobraziliense.com.br\/blocodenotas\/?s={search_term_string}"},"query-input":{"@type":"PropertyValueSpecification","valueRequired":true,"valueName":"search_term_string"}}],"inLanguage":"pt-BR"},{"@type":"Person","@id":"https:\/\/newblogs.correiobraziliense.com.br\/blocodenotas\/#\/schema\/person\/a0fff7bd726973b92d5492e165bc4dde","name":"Diego Amorim","image":{"@type":"ImageObject","inLanguage":"pt-BR","@id":"https:\/\/secure.gravatar.com\/avatar\/149eb8ed1dc6e36ec770263cc2075b004439befcd6b992ea240dcafb217cc5bf?s=96&d=mm&r=g","url":"https:\/\/secure.gravatar.com\/avatar\/149eb8ed1dc6e36ec770263cc2075b004439befcd6b992ea240dcafb217cc5bf?s=96&d=mm&r=g","contentUrl":"https:\/\/secure.gravatar.com\/avatar\/149eb8ed1dc6e36ec770263cc2075b004439befcd6b992ea240dcafb217cc5bf?s=96&d=mm&r=g","caption":"Diego Amorim"},"description":"Diego Amorim \u00e9 um dos jornalistas mais premiados de Bras\u00edlia. Com carreira no Correio Braziliense e passagens por ve\u00edculos como Blog do Noblat e O Antagonista, atualmente \u00e9 diretor-executivo e \u00e2ncora da Novabrasil FM na capital federal.","url":"https:\/\/newblogs.correiobraziliense.com.br\/blocodenotas\/author\/diegoamorim\/"}]}},"_links":{"self":[{"href":"https:\/\/newblogs.correiobraziliense.com.br\/blocodenotas\/wp-json\/wp\/v2\/posts\/226","targetHints":{"allow":["GET"]}}],"collection":[{"href":"https:\/\/newblogs.correiobraziliense.com.br\/blocodenotas\/wp-json\/wp\/v2\/posts"}],"about":[{"href":"https:\/\/newblogs.correiobraziliense.com.br\/blocodenotas\/wp-json\/wp\/v2\/types\/post"}],"author":[{"embeddable":true,"href":"https:\/\/newblogs.correiobraziliense.com.br\/blocodenotas\/wp-json\/wp\/v2\/users\/5"}],"replies":[{"embeddable":true,"href":"https:\/\/newblogs.correiobraziliense.com.br\/blocodenotas\/wp-json\/wp\/v2\/comments?post=226"}],"version-history":[{"count":2,"href":"https:\/\/newblogs.correiobraziliense.com.br\/blocodenotas\/wp-json\/wp\/v2\/posts\/226\/revisions"}],"predecessor-version":[{"id":228,"href":"https:\/\/newblogs.correiobraziliense.com.br\/blocodenotas\/wp-json\/wp\/v2\/posts\/226\/revisions\/228"}],"wp:featuredmedia":[{"embeddable":true,"href":"https:\/\/newblogs.correiobraziliense.com.br\/blocodenotas\/wp-json\/wp\/v2\/media\/234"}],"wp:attachment":[{"href":"https:\/\/newblogs.correiobraziliense.com.br\/blocodenotas\/wp-json\/wp\/v2\/media?parent=226"}],"wp:term":[{"taxonomy":"category","embeddable":true,"href":"https:\/\/newblogs.correiobraziliense.com.br\/blocodenotas\/wp-json\/wp\/v2\/categories?post=226"},{"taxonomy":"post_tag","embeddable":true,"href":"https:\/\/newblogs.correiobraziliense.com.br\/blocodenotas\/wp-json\/wp\/v2\/tags?post=226"}],"curies":[{"name":"wp","href":"https:\/\/api.w.org\/{rel}","templated":true}]}}