{"id":205,"date":"2024-06-12T17:24:00","date_gmt":"2024-06-12T20:24:00","guid":{"rendered":"https:\/\/newblogs.correiobraziliense.com.br\/blocodenotas\/?p=205"},"modified":"2024-06-13T09:40:02","modified_gmt":"2024-06-13T12:40:02","slug":"ministro-de-lula-indiciado-e-operacao-da-pf-contra-desvios-do-fundo-partidario","status":"publish","type":"post","link":"https:\/\/newblogs.correiobraziliense.com.br\/blocodenotas\/ministro-de-lula-indiciado-e-operacao-da-pf-contra-desvios-do-fundo-partidario\/","title":{"rendered":"Ministro de Lula indiciado; e opera\u00e7\u00e3o da PF contra desvios do fundo partid\u00e1rio"},"content":{"rendered":"\n<p>No programa de hoje, Diego Amorim comenta o indiciamento do ministro das Comunica\u00e7\u00f5es, Juscelino Filho, pela Pol\u00edcia Federal. Juscelino \u00e9 suspeito de participar de um esquema de desvio de recursos p\u00fablicos por meio de emendas destinadas \u00e0 Codevasf. At\u00e9 familiares do ministro estariam envolvidos no suposto esquema.<\/p>\n\n\n\n<p>Tamb\u00e9m nesta edi\u00e7\u00e3o, comentamos sobre a opera\u00e7\u00e3o da Pol\u00edcia Federal deflagrada na manh\u00e3 desta quarta-feira (12) apurando desvios do fundo partid\u00e1rio e eleitoral do Partido Republicano da Ordem Social (Pros) nas elei\u00e7\u00f5es de 2022. O partido foi incorporado ao Solidariedade no ano passado. Um dos alvos da PF \u00e9 Eur\u00edpedes Gomes J\u00fanior, presidente nacional do Solidariedade.<\/p>\n\n\n\n<p>Diego Amorim tamb\u00e9m comenta o projeto do presidente da C\u00e2mara dos Deputados, Arthur Lira (Progressistas-AL), que muda o Regimento Interno da C\u00e2mara e cria medidas de suspens\u00e3o do mandato e exclus\u00e3o de deputados do trabalho em Comiss\u00f5es que infringirem o C\u00f3digo de \u00c9tica.<\/p>\n\n\n\n<p>Assista agora:<\/p>\n\n\n\n<figure class=\"wp-block-embed is-type-video is-provider-youtube wp-block-embed-youtube wp-embed-aspect-16-9 wp-has-aspect-ratio\"><div class=\"wp-block-embed__wrapper\">\n<iframe loading=\"lazy\" title=\"\ud83d\udd34 MINISTRO DE LULA INDICIADO; OPERA\u00c7\u00c3O DA PF CONTRA DESVIOS NO FUNDO PARTID\u00c1RIO E + | BLOCO DE NOTAS\" width=\"640\" height=\"360\" src=\"https:\/\/www.youtube.com\/embed\/f2cGzcgFPyo?feature=oembed\" frameborder=\"0\" allow=\"accelerometer; autoplay; clipboard-write; encrypted-media; gyroscope; picture-in-picture; web-share\" referrerpolicy=\"strict-origin-when-cross-origin\" allowfullscreen><\/iframe>\n<\/div><\/figure>\n","protected":false},"excerpt":{"rendered":"<p>Confira a \u00edntegra do programa no Correio Braziliense, que vai ao ar de segunda a sexta, a partir das 17h<\/p>\n","protected":false},"author":21,"featured_media":206,"comment_status":"closed","ping_status":"open","sticky":false,"template":"","format":"standard","meta":{"_acf_changed":false,"inline_featured_image":false,"footnotes":""},"categories":[57],"tags":[11,13,12,109,104,50],"class_list":["post-205","post","type-post","status-publish","format-standard","has-post-thumbnail","hentry","category-programa","tag-bloco-de-notas","tag-correio-braziliense","tag-diego-amorim","tag-euripedes-junior","tag-juscelino-filho","tag-solidariedade"],"acf":[],"yoast_head":"<!-- This site is optimized with the Yoast SEO plugin v28.1 - https:\/\/yoast.com\/product\/yoast-seo-wordpress\/ -->\n<title>Ministro de Lula indiciado; e opera\u00e7\u00e3o da PF contra desvios do fundo partid\u00e1rio | Bloco de notas<\/title>\n<meta name=\"description\" content=\"Confira a \u00edntegra do programa no Correio Braziliense, que vai ao ar de segunda a sexta, a partir das 17h\" \/>\n<meta name=\"robots\" content=\"index, follow, max-snippet:-1, max-image-preview:large, max-video-preview:-1\" \/>\n<link rel=\"canonical\" href=\"https:\/\/newblogs.correiobraziliense.com.br\/blocodenotas\/ministro-de-lula-indiciado-e-operacao-da-pf-contra-desvios-do-fundo-partidario\/\" \/>\n<meta property=\"og:locale\" content=\"pt_BR\" \/>\n<meta property=\"og:type\" content=\"article\" \/>\n<meta property=\"og:title\" content=\"Ministro de Lula indiciado; e opera\u00e7\u00e3o da PF contra desvios do fundo partid\u00e1rio | Bloco de notas\" \/>\n<meta property=\"og:description\" content=\"Confira a \u00edntegra do programa no Correio Braziliense, que vai ao ar de segunda a sexta, a partir das 17h\" \/>\n<meta property=\"og:url\" content=\"https:\/\/newblogs.correiobraziliense.com.br\/blocodenotas\/ministro-de-lula-indiciado-e-operacao-da-pf-contra-desvios-do-fundo-partidario\/\" \/>\n<meta property=\"og:site_name\" content=\"Bloco de notas\" \/>\n<meta property=\"article:published_time\" content=\"2024-06-12T20:24:00+00:00\" \/>\n<meta property=\"article:modified_time\" content=\"2024-06-13T12:40:02+00:00\" \/>\n<meta property=\"og:image\" content=\"https:\/\/newblogs.correiobraziliense.com.br\/blocodenotas\/wp-content\/uploads\/sites\/3\/2024\/06\/f960x540-98225_172300_69-1.webp\" \/>\n\t<meta property=\"og:image:width\" content=\"1200\" \/>\n\t<meta property=\"og:image:height\" content=\"675\" \/>\n\t<meta property=\"og:image:type\" content=\"image\/webp\" \/>\n<meta name=\"author\" content=\"Carlos Alexandre\" \/>\n<!-- \/ Yoast SEO plugin. -->","yoast_head_json":{"title":"Ministro de Lula indiciado; e opera\u00e7\u00e3o da PF contra desvios do fundo partid\u00e1rio | Bloco de notas","description":"Confira a \u00edntegra do programa no Correio Braziliense, que vai ao ar de segunda a sexta, a partir das 17h","robots":{"index":"index","follow":"follow","max-snippet":"max-snippet:-1","max-image-preview":"max-image-preview:large","max-video-preview":"max-video-preview:-1"},"canonical":"https:\/\/newblogs.correiobraziliense.com.br\/blocodenotas\/ministro-de-lula-indiciado-e-operacao-da-pf-contra-desvios-do-fundo-partidario\/","og_locale":"pt_BR","og_type":"article","og_title":"Ministro de Lula indiciado; e opera\u00e7\u00e3o da PF contra desvios do fundo partid\u00e1rio | Bloco de notas","og_description":"Confira a \u00edntegra do programa no Correio Braziliense, que vai ao ar de segunda a sexta, a partir das 17h","og_url":"https:\/\/newblogs.correiobraziliense.com.br\/blocodenotas\/ministro-de-lula-indiciado-e-operacao-da-pf-contra-desvios-do-fundo-partidario\/","og_site_name":"Bloco de notas","article_published_time":"2024-06-12T20:24:00+00:00","article_modified_time":"2024-06-13T12:40:02+00:00","og_image":[{"width":1200,"height":675,"url":"https:\/\/newblogs.correiobraziliense.com.br\/blocodenotas\/wp-content\/uploads\/sites\/3\/2024\/06\/f960x540-98225_172300_69-1.webp","type":"image\/webp"}],"author":"Carlos Alexandre","schema":{"@context":"https:\/\/schema.org","@graph":[{"@type":"NewsArticle","@id":"https:\/\/newblogs.correiobraziliense.com.br\/blocodenotas\/ministro-de-lula-indiciado-e-operacao-da-pf-contra-desvios-do-fundo-partidario\/#article","isPartOf":{"@id":"https:\/\/newblogs.correiobraziliense.com.br\/blocodenotas\/ministro-de-lula-indiciado-e-operacao-da-pf-contra-desvios-do-fundo-partidario\/"},"author":{"name":"Carlos Alexandre","@id":"https:\/\/newblogs.correiobraziliense.com.br\/blocodenotas\/#\/schema\/person\/df780dfaed7e416bd388175b3765f1a3"},"headline":"Ministro de Lula indiciado; e opera\u00e7\u00e3o da PF contra desvios do fundo partid\u00e1rio","datePublished":"2024-06-12T20:24:00+00:00","dateModified":"2024-06-13T12:40:02+00:00","mainEntityOfPage":{"@id":"https:\/\/newblogs.correiobraziliense.com.br\/blocodenotas\/ministro-de-lula-indiciado-e-operacao-da-pf-contra-desvios-do-fundo-partidario\/"},"wordCount":181,"image":{"@id":"https:\/\/newblogs.correiobraziliense.com.br\/blocodenotas\/ministro-de-lula-indiciado-e-operacao-da-pf-contra-desvios-do-fundo-partidario\/#primaryimage"},"thumbnailUrl":"https:\/\/newblogs.correiobraziliense.com.br\/blocodenotas\/wp-content\/uploads\/sites\/3\/2024\/06\/f960x540-98225_172300_69-1.webp","keywords":["Bloco de Notas","Correio Braziliense","Diego Amorim","Eur\u00edpedes J\u00fanior","Juscelino Filho","solidariedade"],"articleSection":["Programa"],"inLanguage":"pt-BR"},{"@type":"WebPage","@id":"https:\/\/newblogs.correiobraziliense.com.br\/blocodenotas\/ministro-de-lula-indiciado-e-operacao-da-pf-contra-desvios-do-fundo-partidario\/","url":"https:\/\/newblogs.correiobraziliense.com.br\/blocodenotas\/ministro-de-lula-indiciado-e-operacao-da-pf-contra-desvios-do-fundo-partidario\/","name":"Ministro de Lula indiciado; e opera\u00e7\u00e3o da PF contra desvios do fundo partid\u00e1rio | Bloco de notas","isPartOf":{"@id":"https:\/\/newblogs.correiobraziliense.com.br\/blocodenotas\/#website"},"primaryImageOfPage":{"@id":"https:\/\/newblogs.correiobraziliense.com.br\/blocodenotas\/ministro-de-lula-indiciado-e-operacao-da-pf-contra-desvios-do-fundo-partidario\/#primaryimage"},"image":{"@id":"https:\/\/newblogs.correiobraziliense.com.br\/blocodenotas\/ministro-de-lula-indiciado-e-operacao-da-pf-contra-desvios-do-fundo-partidario\/#primaryimage"},"thumbnailUrl":"https:\/\/newblogs.correiobraziliense.com.br\/blocodenotas\/wp-content\/uploads\/sites\/3\/2024\/06\/f960x540-98225_172300_69-1.webp","datePublished":"2024-06-12T20:24:00+00:00","dateModified":"2024-06-13T12:40:02+00:00","author":{"@id":"https:\/\/newblogs.correiobraziliense.com.br\/blocodenotas\/#\/schema\/person\/df780dfaed7e416bd388175b3765f1a3"},"description":"Confira a \u00edntegra do programa no Correio Braziliense, que vai ao ar de segunda a sexta, a partir das 17h","breadcrumb":{"@id":"https:\/\/newblogs.correiobraziliense.com.br\/blocodenotas\/ministro-de-lula-indiciado-e-operacao-da-pf-contra-desvios-do-fundo-partidario\/#breadcrumb"},"inLanguage":"pt-BR","potentialAction":[{"@type":"ReadAction","target":["https:\/\/newblogs.correiobraziliense.com.br\/blocodenotas\/ministro-de-lula-indiciado-e-operacao-da-pf-contra-desvios-do-fundo-partidario\/"]}]},{"@type":"ImageObject","inLanguage":"pt-BR","@id":"https:\/\/newblogs.correiobraziliense.com.br\/blocodenotas\/ministro-de-lula-indiciado-e-operacao-da-pf-contra-desvios-do-fundo-partidario\/#primaryimage","url":"https:\/\/newblogs.correiobraziliense.com.br\/blocodenotas\/wp-content\/uploads\/sites\/3\/2024\/06\/f960x540-98225_172300_69-1.webp","contentUrl":"https:\/\/newblogs.correiobraziliense.com.br\/blocodenotas\/wp-content\/uploads\/sites\/3\/2024\/06\/f960x540-98225_172300_69-1.webp","width":1200,"height":675,"caption":"Ag\u00eancia Brasil"},{"@type":"BreadcrumbList","@id":"https:\/\/newblogs.correiobraziliense.com.br\/blocodenotas\/ministro-de-lula-indiciado-e-operacao-da-pf-contra-desvios-do-fundo-partidario\/#breadcrumb","itemListElement":[{"@type":"ListItem","position":1,"name":"In\u00edcio","item":"https:\/\/newblogs.correiobraziliense.com.br\/blocodenotas\/"},{"@type":"ListItem","position":2,"name":"Programa","item":"https:\/\/newblogs.correiobraziliense.com.br\/blocodenotas\/programa\/"},{"@type":"ListItem","position":3,"name":"Ministro de Lula indiciado; e opera\u00e7\u00e3o da PF contra desvios do fundo partid\u00e1rio"}]},{"@type":"WebSite","@id":"https:\/\/newblogs.correiobraziliense.com.br\/blocodenotas\/#website","url":"https:\/\/newblogs.correiobraziliense.com.br\/blocodenotas\/","name":"Bloco de notas","description":"Este espa\u00e7o ser\u00e1, a partir de hoje, o meu bloco de notas compartilhado com voc\u00ea. E, assim, poder\u00e1 ser tamb\u00e9m o seu bloco de notas. Vou dividir e organizar com voc\u00ea minhas anota\u00e7\u00f5es sobre os fatos da pol\u00edtica, da economia, da vida.","potentialAction":[{"@type":"SearchAction","target":{"@type":"EntryPoint","urlTemplate":"https:\/\/newblogs.correiobraziliense.com.br\/blocodenotas\/?s={search_term_string}"},"query-input":{"@type":"PropertyValueSpecification","valueRequired":true,"valueName":"search_term_string"}}],"inLanguage":"pt-BR"},{"@type":"Person","@id":"https:\/\/newblogs.correiobraziliense.com.br\/blocodenotas\/#\/schema\/person\/df780dfaed7e416bd388175b3765f1a3","name":"Carlos Alexandre","image":{"@type":"ImageObject","inLanguage":"pt-BR","@id":"https:\/\/secure.gravatar.com\/avatar\/ca9439e84b1b68be3c207f6c358b19bcde3584bd05cc51e35a0769f89c1611cb?s=96&d=mm&r=g","url":"https:\/\/secure.gravatar.com\/avatar\/ca9439e84b1b68be3c207f6c358b19bcde3584bd05cc51e35a0769f89c1611cb?s=96&d=mm&r=g","contentUrl":"https:\/\/secure.gravatar.com\/avatar\/ca9439e84b1b68be3c207f6c358b19bcde3584bd05cc51e35a0769f89c1611cb?s=96&d=mm&r=g","caption":"Carlos Alexandre"},"description":"Carlos Alexandre de Souza \u00e9 editor de Pol\u00edtica, Brasil e Economia do Correio Braziliense. Mestre em Ci\u00eancia Pol\u00edtica pela Universidade de Ottawa. Vencedor de pr\u00eamio Esso na categoria Primeira P\u00e1gina.","url":"https:\/\/newblogs.correiobraziliense.com.br\/blocodenotas\/author\/carlosalexandre\/"}]}},"_links":{"self":[{"href":"https:\/\/newblogs.correiobraziliense.com.br\/blocodenotas\/wp-json\/wp\/v2\/posts\/205","targetHints":{"allow":["GET"]}}],"collection":[{"href":"https:\/\/newblogs.correiobraziliense.com.br\/blocodenotas\/wp-json\/wp\/v2\/posts"}],"about":[{"href":"https:\/\/newblogs.correiobraziliense.com.br\/blocodenotas\/wp-json\/wp\/v2\/types\/post"}],"author":[{"embeddable":true,"href":"https:\/\/newblogs.correiobraziliense.com.br\/blocodenotas\/wp-json\/wp\/v2\/users\/21"}],"replies":[{"embeddable":true,"href":"https:\/\/newblogs.correiobraziliense.com.br\/blocodenotas\/wp-json\/wp\/v2\/comments?post=205"}],"version-history":[{"count":1,"href":"https:\/\/newblogs.correiobraziliense.com.br\/blocodenotas\/wp-json\/wp\/v2\/posts\/205\/revisions"}],"predecessor-version":[{"id":207,"href":"https:\/\/newblogs.correiobraziliense.com.br\/blocodenotas\/wp-json\/wp\/v2\/posts\/205\/revisions\/207"}],"wp:featuredmedia":[{"embeddable":true,"href":"https:\/\/newblogs.correiobraziliense.com.br\/blocodenotas\/wp-json\/wp\/v2\/media\/206"}],"wp:attachment":[{"href":"https:\/\/newblogs.correiobraziliense.com.br\/blocodenotas\/wp-json\/wp\/v2\/media?parent=205"}],"wp:term":[{"taxonomy":"category","embeddable":true,"href":"https:\/\/newblogs.correiobraziliense.com.br\/blocodenotas\/wp-json\/wp\/v2\/categories?post=205"},{"taxonomy":"post_tag","embeddable":true,"href":"https:\/\/newblogs.correiobraziliense.com.br\/blocodenotas\/wp-json\/wp\/v2\/tags?post=205"}],"curies":[{"name":"wp","href":"https:\/\/api.w.org\/{rel}","templated":true}]}}