{"id":183,"date":"2024-06-05T21:35:14","date_gmt":"2024-06-06T00:35:14","guid":{"rendered":"https:\/\/newblogs.correiobraziliense.com.br\/blocodenotas\/?p=183"},"modified":"2024-06-05T21:35:46","modified_gmt":"2024-06-06T00:35:46","slug":"alagoas-e-a-taxa-das-blusinhas-e-pgr-recorre-de-anulacao-de-condenacoes-de-marcelo-odebrecht","status":"publish","type":"post","link":"https:\/\/newblogs.correiobraziliense.com.br\/blocodenotas\/alagoas-e-a-taxa-das-blusinhas-e-pgr-recorre-de-anulacao-de-condenacoes-de-marcelo-odebrecht\/","title":{"rendered":"Alagoas e a &#8216;taxa das blusinhas&#8217;; e PGR recorre de anula\u00e7\u00e3o de condena\u00e7\u00f5es de Marcelo Odebrecht"},"content":{"rendered":"\n<p>No Bloco de Notas desta quarta-feira (05), Diego Amorim comenta como a pol\u00edtica alagoana interferiu no atraso da aprova\u00e7\u00e3o da chamada &#8216;taxa das blusinhas&#8217;, jabuti incorporado ao projeto de lei que discute incentivos \u00e0 ind\u00fastria automotiva.<br \/><br \/>Tamb\u00e9m nesta edi\u00e7\u00e3o, o Procurador-Geral da Rep\u00fablica, Paulo Gonet, recorre da decis\u00e3o do ministro do STF, Dias Toffoli, que anulou condena\u00e7\u00f5es do empres\u00e1rio Marcelo Odebrecht no \u00e2mbito da Opera\u00e7\u00e3o Lava Jato. Diego Amorim refor\u00e7a que n\u00e3o d\u00e1 para esquecer de todos os depoimentos e provas documentais que a Lava Jato produziu<\/p>\n\n\n\n<p>O que tamb\u00e9m n\u00e3o pode ser esquecido \u00e9 o estado do Rio Grande do Sul, devastado pelas fortes chuvas de maio e que ainda trazem not\u00edcias tristes como o aumento no n\u00famero de mortos por leptospirose. O governador Eduardo Leite veio \u00e0 Bras\u00edlia para pedir mais ajuda financeira diretamente ao presidente Lula. E mesmo com toda essa calamidade, o TRE-RS diz que as elei\u00e7\u00f5es municipais n\u00e3o ser\u00e3o adiadas para os ga\u00fachos. <\/p>\n\n\n\n<p>Assista agora:<\/p>\n\n\n\n<figure class=\"wp-block-embed is-type-video is-provider-youtube wp-block-embed-youtube wp-embed-aspect-16-9 wp-has-aspect-ratio\"><div class=\"wp-block-embed__wrapper\">\n<iframe loading=\"lazy\" title=\"\ud83d\udd34 AO VIVO | LIRA E A TAXA DAS &#039;BLUSINHAS&#039;; ODEBRECHT; ELEI\u00c7\u00d5ES MANTIDAS NO RS E +| BLOCO DE NOTAS\" width=\"640\" height=\"360\" src=\"https:\/\/www.youtube.com\/embed\/CFYjdN4SOPo?feature=oembed\" frameborder=\"0\" allow=\"accelerometer; autoplay; clipboard-write; encrypted-media; gyroscope; picture-in-picture; web-share\" referrerpolicy=\"strict-origin-when-cross-origin\" allowfullscreen><\/iframe>\n<\/div><\/figure>\n","protected":false},"excerpt":{"rendered":"<p>Confira a \u00edntegra do programa no Correio Braziliense, que vai ao ar de segunda a sexta, a partir das 17h<\/p>\n","protected":false},"author":21,"featured_media":184,"comment_status":"closed","ping_status":"open","sticky":false,"template":"","format":"standard","meta":{"_acf_changed":false,"inline_featured_image":false,"footnotes":""},"categories":[57],"tags":[93,38,11,13,12,6,69,94,29,92],"class_list":["post-183","post","type-post","status-publish","format-standard","has-post-thumbnail","hentry","category-programa","tag-alagoas","tag-arthur-lira","tag-bloco-de-notas","tag-correio-braziliense","tag-diego-amorim","tag-lula","tag-marcelo-odebrecht","tag-paulo-gonet","tag-rio-grande-do-sul","tag-taxa-das-blusinhas"],"acf":[],"yoast_head":"<!-- This site is optimized with the Yoast SEO plugin v28.1 - https:\/\/yoast.com\/product\/yoast-seo-wordpress\/ -->\n<title>Alagoas e a &#039;taxa das blusinhas&#039;; e PGR recorre de anula\u00e7\u00e3o de condena\u00e7\u00f5es de Marcelo Odebrecht | Bloco de notas<\/title>\n<meta name=\"description\" content=\"Confira a \u00edntegra do programa no Correio Braziliense, que vai ao ar de segunda a sexta, a partir das 17h\" \/>\n<meta name=\"robots\" content=\"index, follow, max-snippet:-1, max-image-preview:large, max-video-preview:-1\" \/>\n<link rel=\"canonical\" href=\"https:\/\/newblogs.correiobraziliense.com.br\/blocodenotas\/alagoas-e-a-taxa-das-blusinhas-e-pgr-recorre-de-anulacao-de-condenacoes-de-marcelo-odebrecht\/\" \/>\n<meta property=\"og:locale\" content=\"pt_BR\" \/>\n<meta property=\"og:type\" content=\"article\" \/>\n<meta property=\"og:title\" content=\"Alagoas e a &#039;taxa das blusinhas&#039;; e PGR recorre de anula\u00e7\u00e3o de condena\u00e7\u00f5es de Marcelo Odebrecht | Bloco de notas\" \/>\n<meta property=\"og:description\" content=\"Confira a \u00edntegra do programa no Correio Braziliense, que vai ao ar de segunda a sexta, a partir das 17h\" \/>\n<meta property=\"og:url\" content=\"https:\/\/newblogs.correiobraziliense.com.br\/blocodenotas\/alagoas-e-a-taxa-das-blusinhas-e-pgr-recorre-de-anulacao-de-condenacoes-de-marcelo-odebrecht\/\" \/>\n<meta property=\"og:site_name\" content=\"Bloco de notas\" \/>\n<meta property=\"article:published_time\" content=\"2024-06-06T00:35:14+00:00\" \/>\n<meta property=\"article:modified_time\" content=\"2024-06-06T00:35:46+00:00\" \/>\n<meta property=\"og:image\" content=\"https:\/\/newblogs.correiobraziliense.com.br\/blocodenotas\/wp-content\/uploads\/sites\/3\/2024\/06\/MARCELO-ODEBRECHT.png\" \/>\n\t<meta property=\"og:image:width\" content=\"1920\" \/>\n\t<meta property=\"og:image:height\" content=\"1080\" \/>\n\t<meta property=\"og:image:type\" content=\"image\/png\" \/>\n<meta name=\"author\" content=\"Carlos Alexandre\" \/>\n<!-- \/ Yoast SEO plugin. -->","yoast_head_json":{"title":"Alagoas e a 'taxa das blusinhas'; e PGR recorre de anula\u00e7\u00e3o de condena\u00e7\u00f5es de Marcelo Odebrecht | Bloco de notas","description":"Confira a \u00edntegra do programa no Correio Braziliense, que vai ao ar de segunda a sexta, a partir das 17h","robots":{"index":"index","follow":"follow","max-snippet":"max-snippet:-1","max-image-preview":"max-image-preview:large","max-video-preview":"max-video-preview:-1"},"canonical":"https:\/\/newblogs.correiobraziliense.com.br\/blocodenotas\/alagoas-e-a-taxa-das-blusinhas-e-pgr-recorre-de-anulacao-de-condenacoes-de-marcelo-odebrecht\/","og_locale":"pt_BR","og_type":"article","og_title":"Alagoas e a 'taxa das blusinhas'; e PGR recorre de anula\u00e7\u00e3o de condena\u00e7\u00f5es de Marcelo Odebrecht | Bloco de notas","og_description":"Confira a \u00edntegra do programa no Correio Braziliense, que vai ao ar de segunda a sexta, a partir das 17h","og_url":"https:\/\/newblogs.correiobraziliense.com.br\/blocodenotas\/alagoas-e-a-taxa-das-blusinhas-e-pgr-recorre-de-anulacao-de-condenacoes-de-marcelo-odebrecht\/","og_site_name":"Bloco de notas","article_published_time":"2024-06-06T00:35:14+00:00","article_modified_time":"2024-06-06T00:35:46+00:00","og_image":[{"width":1920,"height":1080,"url":"https:\/\/newblogs.correiobraziliense.com.br\/blocodenotas\/wp-content\/uploads\/sites\/3\/2024\/06\/MARCELO-ODEBRECHT.png","type":"image\/png"}],"author":"Carlos Alexandre","schema":{"@context":"https:\/\/schema.org","@graph":[{"@type":"NewsArticle","@id":"https:\/\/newblogs.correiobraziliense.com.br\/blocodenotas\/alagoas-e-a-taxa-das-blusinhas-e-pgr-recorre-de-anulacao-de-condenacoes-de-marcelo-odebrecht\/#article","isPartOf":{"@id":"https:\/\/newblogs.correiobraziliense.com.br\/blocodenotas\/alagoas-e-a-taxa-das-blusinhas-e-pgr-recorre-de-anulacao-de-condenacoes-de-marcelo-odebrecht\/"},"author":{"name":"Carlos Alexandre","@id":"https:\/\/newblogs.correiobraziliense.com.br\/blocodenotas\/#\/schema\/person\/df780dfaed7e416bd388175b3765f1a3"},"headline":"Alagoas e a &#8216;taxa das blusinhas&#8217;; e PGR recorre de anula\u00e7\u00e3o de condena\u00e7\u00f5es de Marcelo Odebrecht","datePublished":"2024-06-06T00:35:14+00:00","dateModified":"2024-06-06T00:35:46+00:00","mainEntityOfPage":{"@id":"https:\/\/newblogs.correiobraziliense.com.br\/blocodenotas\/alagoas-e-a-taxa-das-blusinhas-e-pgr-recorre-de-anulacao-de-condenacoes-de-marcelo-odebrecht\/"},"wordCount":200,"image":{"@id":"https:\/\/newblogs.correiobraziliense.com.br\/blocodenotas\/alagoas-e-a-taxa-das-blusinhas-e-pgr-recorre-de-anulacao-de-condenacoes-de-marcelo-odebrecht\/#primaryimage"},"thumbnailUrl":"https:\/\/newblogs.correiobraziliense.com.br\/blocodenotas\/wp-content\/uploads\/sites\/3\/2024\/06\/MARCELO-ODEBRECHT.png","keywords":["Alagoas","Arthur Lira","Bloco de Notas","Correio Braziliense","Diego Amorim","Lula","Marcelo Odebrecht","Paulo Gonet","Rio Grande do Sul","Taxa das blusinhas"],"articleSection":["Programa"],"inLanguage":"pt-BR"},{"@type":"WebPage","@id":"https:\/\/newblogs.correiobraziliense.com.br\/blocodenotas\/alagoas-e-a-taxa-das-blusinhas-e-pgr-recorre-de-anulacao-de-condenacoes-de-marcelo-odebrecht\/","url":"https:\/\/newblogs.correiobraziliense.com.br\/blocodenotas\/alagoas-e-a-taxa-das-blusinhas-e-pgr-recorre-de-anulacao-de-condenacoes-de-marcelo-odebrecht\/","name":"Alagoas e a 'taxa das blusinhas'; e PGR recorre de anula\u00e7\u00e3o de condena\u00e7\u00f5es de Marcelo Odebrecht | Bloco de notas","isPartOf":{"@id":"https:\/\/newblogs.correiobraziliense.com.br\/blocodenotas\/#website"},"primaryImageOfPage":{"@id":"https:\/\/newblogs.correiobraziliense.com.br\/blocodenotas\/alagoas-e-a-taxa-das-blusinhas-e-pgr-recorre-de-anulacao-de-condenacoes-de-marcelo-odebrecht\/#primaryimage"},"image":{"@id":"https:\/\/newblogs.correiobraziliense.com.br\/blocodenotas\/alagoas-e-a-taxa-das-blusinhas-e-pgr-recorre-de-anulacao-de-condenacoes-de-marcelo-odebrecht\/#primaryimage"},"thumbnailUrl":"https:\/\/newblogs.correiobraziliense.com.br\/blocodenotas\/wp-content\/uploads\/sites\/3\/2024\/06\/MARCELO-ODEBRECHT.png","datePublished":"2024-06-06T00:35:14+00:00","dateModified":"2024-06-06T00:35:46+00:00","author":{"@id":"https:\/\/newblogs.correiobraziliense.com.br\/blocodenotas\/#\/schema\/person\/df780dfaed7e416bd388175b3765f1a3"},"description":"Confira a \u00edntegra do programa no Correio Braziliense, que vai ao ar de segunda a sexta, a partir das 17h","breadcrumb":{"@id":"https:\/\/newblogs.correiobraziliense.com.br\/blocodenotas\/alagoas-e-a-taxa-das-blusinhas-e-pgr-recorre-de-anulacao-de-condenacoes-de-marcelo-odebrecht\/#breadcrumb"},"inLanguage":"pt-BR","potentialAction":[{"@type":"ReadAction","target":["https:\/\/newblogs.correiobraziliense.com.br\/blocodenotas\/alagoas-e-a-taxa-das-blusinhas-e-pgr-recorre-de-anulacao-de-condenacoes-de-marcelo-odebrecht\/"]}]},{"@type":"ImageObject","inLanguage":"pt-BR","@id":"https:\/\/newblogs.correiobraziliense.com.br\/blocodenotas\/alagoas-e-a-taxa-das-blusinhas-e-pgr-recorre-de-anulacao-de-condenacoes-de-marcelo-odebrecht\/#primaryimage","url":"https:\/\/newblogs.correiobraziliense.com.br\/blocodenotas\/wp-content\/uploads\/sites\/3\/2024\/06\/MARCELO-ODEBRECHT.png","contentUrl":"https:\/\/newblogs.correiobraziliense.com.br\/blocodenotas\/wp-content\/uploads\/sites\/3\/2024\/06\/MARCELO-ODEBRECHT.png","width":1920,"height":1080,"caption":"Reprodu\u00e7\u00e3o\/PGR"},{"@type":"BreadcrumbList","@id":"https:\/\/newblogs.correiobraziliense.com.br\/blocodenotas\/alagoas-e-a-taxa-das-blusinhas-e-pgr-recorre-de-anulacao-de-condenacoes-de-marcelo-odebrecht\/#breadcrumb","itemListElement":[{"@type":"ListItem","position":1,"name":"In\u00edcio","item":"https:\/\/newblogs.correiobraziliense.com.br\/blocodenotas\/"},{"@type":"ListItem","position":2,"name":"Programa","item":"https:\/\/newblogs.correiobraziliense.com.br\/blocodenotas\/programa\/"},{"@type":"ListItem","position":3,"name":"Alagoas e a &#8216;taxa das blusinhas&#8217;; e PGR recorre de anula\u00e7\u00e3o de condena\u00e7\u00f5es de Marcelo Odebrecht"}]},{"@type":"WebSite","@id":"https:\/\/newblogs.correiobraziliense.com.br\/blocodenotas\/#website","url":"https:\/\/newblogs.correiobraziliense.com.br\/blocodenotas\/","name":"Bloco de notas","description":"Este espa\u00e7o ser\u00e1, a partir de hoje, o meu bloco de notas compartilhado com voc\u00ea. E, assim, poder\u00e1 ser tamb\u00e9m o seu bloco de notas. Vou dividir e organizar com voc\u00ea minhas anota\u00e7\u00f5es sobre os fatos da pol\u00edtica, da economia, da vida.","potentialAction":[{"@type":"SearchAction","target":{"@type":"EntryPoint","urlTemplate":"https:\/\/newblogs.correiobraziliense.com.br\/blocodenotas\/?s={search_term_string}"},"query-input":{"@type":"PropertyValueSpecification","valueRequired":true,"valueName":"search_term_string"}}],"inLanguage":"pt-BR"},{"@type":"Person","@id":"https:\/\/newblogs.correiobraziliense.com.br\/blocodenotas\/#\/schema\/person\/df780dfaed7e416bd388175b3765f1a3","name":"Carlos Alexandre","image":{"@type":"ImageObject","inLanguage":"pt-BR","@id":"https:\/\/secure.gravatar.com\/avatar\/ca9439e84b1b68be3c207f6c358b19bcde3584bd05cc51e35a0769f89c1611cb?s=96&d=mm&r=g","url":"https:\/\/secure.gravatar.com\/avatar\/ca9439e84b1b68be3c207f6c358b19bcde3584bd05cc51e35a0769f89c1611cb?s=96&d=mm&r=g","contentUrl":"https:\/\/secure.gravatar.com\/avatar\/ca9439e84b1b68be3c207f6c358b19bcde3584bd05cc51e35a0769f89c1611cb?s=96&d=mm&r=g","caption":"Carlos Alexandre"},"description":"Carlos Alexandre de Souza \u00e9 editor de Pol\u00edtica, Brasil e Economia do Correio Braziliense. Mestre em Ci\u00eancia Pol\u00edtica pela Universidade de Ottawa. Vencedor de pr\u00eamio Esso na categoria Primeira P\u00e1gina.","url":"https:\/\/newblogs.correiobraziliense.com.br\/blocodenotas\/author\/carlosalexandre\/"}]}},"_links":{"self":[{"href":"https:\/\/newblogs.correiobraziliense.com.br\/blocodenotas\/wp-json\/wp\/v2\/posts\/183","targetHints":{"allow":["GET"]}}],"collection":[{"href":"https:\/\/newblogs.correiobraziliense.com.br\/blocodenotas\/wp-json\/wp\/v2\/posts"}],"about":[{"href":"https:\/\/newblogs.correiobraziliense.com.br\/blocodenotas\/wp-json\/wp\/v2\/types\/post"}],"author":[{"embeddable":true,"href":"https:\/\/newblogs.correiobraziliense.com.br\/blocodenotas\/wp-json\/wp\/v2\/users\/21"}],"replies":[{"embeddable":true,"href":"https:\/\/newblogs.correiobraziliense.com.br\/blocodenotas\/wp-json\/wp\/v2\/comments?post=183"}],"version-history":[{"count":2,"href":"https:\/\/newblogs.correiobraziliense.com.br\/blocodenotas\/wp-json\/wp\/v2\/posts\/183\/revisions"}],"predecessor-version":[{"id":186,"href":"https:\/\/newblogs.correiobraziliense.com.br\/blocodenotas\/wp-json\/wp\/v2\/posts\/183\/revisions\/186"}],"wp:featuredmedia":[{"embeddable":true,"href":"https:\/\/newblogs.correiobraziliense.com.br\/blocodenotas\/wp-json\/wp\/v2\/media\/184"}],"wp:attachment":[{"href":"https:\/\/newblogs.correiobraziliense.com.br\/blocodenotas\/wp-json\/wp\/v2\/media?parent=183"}],"wp:term":[{"taxonomy":"category","embeddable":true,"href":"https:\/\/newblogs.correiobraziliense.com.br\/blocodenotas\/wp-json\/wp\/v2\/categories?post=183"},{"taxonomy":"post_tag","embeddable":true,"href":"https:\/\/newblogs.correiobraziliense.com.br\/blocodenotas\/wp-json\/wp\/v2\/tags?post=183"}],"curies":[{"name":"wp","href":"https:\/\/api.w.org\/{rel}","templated":true}]}}