{"id":164,"date":"2024-05-30T12:45:00","date_gmt":"2024-05-30T15:45:00","guid":{"rendered":"https:\/\/newblogs.correiobraziliense.com.br\/blocodenotas\/?p=164"},"modified":"2024-06-04T22:28:43","modified_gmt":"2024-06-05T01:28:43","slug":"embaixador-brasileiro-retirado-de-israel-e-a-repercussao-da-derrubada-de-vetos","status":"publish","type":"post","link":"https:\/\/newblogs.correiobraziliense.com.br\/blocodenotas\/embaixador-brasileiro-retirado-de-israel-e-a-repercussao-da-derrubada-de-vetos\/","title":{"rendered":"Embaixador brasileiro retirado de Israel; e a repercuss\u00e3o da derrubada de vetos"},"content":{"rendered":"\n<p>No Bloco de Notas de hoje, Diego Amorim comenta a repercuss\u00e3o da grande derrota do governo Lula na sess\u00e3o do Congresso que analisava vetos presidenciais. Arthur Lira cita que a surra em Lula deve ser avaliada mais como uma vit\u00f3ria do Congresso.<br \/><br \/>Tamb\u00e9m \u00e9 assunto hoje a retirada do embaixador brasileiro de Israel. Frederico Meyer j\u00e1 tinha sido chamado para consultas do governo brasileiro, ap\u00f3s ter sido convidado pelo governo de Israel a visitar instala\u00e7\u00f5es em mem\u00f3ria ao holocausto ap\u00f3s fala de Lula.<br \/><br \/>A trag\u00e9dia no Rio Grande do Sul j\u00e1 completa um m\u00eas, e Diego Amorim traz boas not\u00edcias sobre o ciclone extratropical que passou pela regi\u00e3o e levou com ele as nuvens de chuva. Agora a espera \u00e9 um por per\u00edodo sem precipita\u00e7\u00f5es no estado, o que deve ajudar no recuo das \u00e1guas do Gua\u00edba e da Lagoa dos Patos.<\/p>\n","protected":false},"excerpt":{"rendered":"<p>Confira a \u00edntegra do programa no Correio Braziliense, que vai ao ar de segunda a sexta, a partir das 17h<\/p>\n","protected":false},"author":5,"featured_media":165,"comment_status":"closed","ping_status":"open","sticky":false,"template":"","format":"standard","meta":{"_acf_changed":false,"inline_featured_image":false,"footnotes":""},"categories":[57],"tags":[11,13,12,81,82,6,53,29,80],"class_list":["post-164","post","type-post","status-publish","format-standard","has-post-thumbnail","hentry","category-programa","tag-bloco-de-notas","tag-correio-braziliense","tag-diego-amorim","tag-frederico-meyer","tag-israel","tag-lula","tag-oposicao","tag-rio-grande-do-sul","tag-vetos-presidenciais"],"acf":[],"yoast_head":"<!-- This site is optimized with the Yoast SEO plugin v27.3 - https:\/\/yoast.com\/product\/yoast-seo-wordpress\/ -->\n<title>Embaixador brasileiro retirado de Israel; e a repercuss\u00e3o da derrubada de vetos | Bloco de notas<\/title>\n<meta name=\"description\" content=\"Confira a \u00edntegra do programa no Correio Braziliense, que vai ao ar de segunda a sexta, a partir das 17h\" \/>\n<meta name=\"robots\" content=\"index, follow, max-snippet:-1, max-image-preview:large, max-video-preview:-1\" \/>\n<link rel=\"canonical\" href=\"https:\/\/newblogs.correiobraziliense.com.br\/blocodenotas\/embaixador-brasileiro-retirado-de-israel-e-a-repercussao-da-derrubada-de-vetos\/\" \/>\n<meta property=\"og:locale\" content=\"pt_BR\" \/>\n<meta property=\"og:type\" content=\"article\" \/>\n<meta property=\"og:title\" content=\"Embaixador brasileiro retirado de Israel; e a repercuss\u00e3o da derrubada de vetos | Bloco de notas\" \/>\n<meta property=\"og:description\" content=\"Confira a \u00edntegra do programa no Correio Braziliense, que vai ao ar de segunda a sexta, a partir das 17h\" \/>\n<meta property=\"og:url\" content=\"https:\/\/newblogs.correiobraziliense.com.br\/blocodenotas\/embaixador-brasileiro-retirado-de-israel-e-a-repercussao-da-derrubada-de-vetos\/\" \/>\n<meta property=\"og:site_name\" content=\"Bloco de notas\" \/>\n<meta property=\"article:published_time\" content=\"2024-05-30T15:45:00+00:00\" \/>\n<meta property=\"article:modified_time\" content=\"2024-06-05T01:28:43+00:00\" \/>\n<meta property=\"og:image\" content=\"https:\/\/newblogs.correiobraziliense.com.br\/blocodenotas\/wp-content\/uploads\/sites\/3\/2024\/05\/FREDERICO-MEYER.png\" \/>\n\t<meta property=\"og:image:width\" content=\"1920\" \/>\n\t<meta property=\"og:image:height\" content=\"1080\" \/>\n\t<meta property=\"og:image:type\" content=\"image\/png\" \/>\n<meta name=\"author\" content=\"Diego Amorim\" \/>\n<!-- \/ Yoast SEO plugin. -->","yoast_head_json":{"title":"Embaixador brasileiro retirado de Israel; e a repercuss\u00e3o da derrubada de vetos | Bloco de notas","description":"Confira a \u00edntegra do programa no Correio Braziliense, que vai ao ar de segunda a sexta, a partir das 17h","robots":{"index":"index","follow":"follow","max-snippet":"max-snippet:-1","max-image-preview":"max-image-preview:large","max-video-preview":"max-video-preview:-1"},"canonical":"https:\/\/newblogs.correiobraziliense.com.br\/blocodenotas\/embaixador-brasileiro-retirado-de-israel-e-a-repercussao-da-derrubada-de-vetos\/","og_locale":"pt_BR","og_type":"article","og_title":"Embaixador brasileiro retirado de Israel; e a repercuss\u00e3o da derrubada de vetos | Bloco de notas","og_description":"Confira a \u00edntegra do programa no Correio Braziliense, que vai ao ar de segunda a sexta, a partir das 17h","og_url":"https:\/\/newblogs.correiobraziliense.com.br\/blocodenotas\/embaixador-brasileiro-retirado-de-israel-e-a-repercussao-da-derrubada-de-vetos\/","og_site_name":"Bloco de notas","article_published_time":"2024-05-30T15:45:00+00:00","article_modified_time":"2024-06-05T01:28:43+00:00","og_image":[{"width":1920,"height":1080,"url":"https:\/\/newblogs.correiobraziliense.com.br\/blocodenotas\/wp-content\/uploads\/sites\/3\/2024\/05\/FREDERICO-MEYER.png","type":"image\/png"}],"author":"Diego Amorim","schema":{"@context":"https:\/\/schema.org","@graph":[{"@type":"NewsArticle","@id":"https:\/\/newblogs.correiobraziliense.com.br\/blocodenotas\/embaixador-brasileiro-retirado-de-israel-e-a-repercussao-da-derrubada-de-vetos\/#article","isPartOf":{"@id":"https:\/\/newblogs.correiobraziliense.com.br\/blocodenotas\/embaixador-brasileiro-retirado-de-israel-e-a-repercussao-da-derrubada-de-vetos\/"},"author":{"name":"Diego Amorim","@id":"https:\/\/newblogs.correiobraziliense.com.br\/blocodenotas\/#\/schema\/person\/a0fff7bd726973b92d5492e165bc4dde"},"headline":"Embaixador brasileiro retirado de Israel; e a repercuss\u00e3o da derrubada de vetos","datePublished":"2024-05-30T15:45:00+00:00","dateModified":"2024-06-05T01:28:43+00:00","mainEntityOfPage":{"@id":"https:\/\/newblogs.correiobraziliense.com.br\/blocodenotas\/embaixador-brasileiro-retirado-de-israel-e-a-repercussao-da-derrubada-de-vetos\/"},"wordCount":168,"image":{"@id":"https:\/\/newblogs.correiobraziliense.com.br\/blocodenotas\/embaixador-brasileiro-retirado-de-israel-e-a-repercussao-da-derrubada-de-vetos\/#primaryimage"},"thumbnailUrl":"https:\/\/newblogs.correiobraziliense.com.br\/blocodenotas\/wp-content\/uploads\/sites\/3\/2024\/05\/FREDERICO-MEYER.png","keywords":["Bloco de Notas","Correio Braziliense","Diego Amorim","Frederico Meyer","Israel","Lula","oposi\u00e7\u00e3o","Rio Grande do Sul","vetos presidenciais"],"articleSection":["Programa"],"inLanguage":"pt-BR"},{"@type":"WebPage","@id":"https:\/\/newblogs.correiobraziliense.com.br\/blocodenotas\/embaixador-brasileiro-retirado-de-israel-e-a-repercussao-da-derrubada-de-vetos\/","url":"https:\/\/newblogs.correiobraziliense.com.br\/blocodenotas\/embaixador-brasileiro-retirado-de-israel-e-a-repercussao-da-derrubada-de-vetos\/","name":"Embaixador brasileiro retirado de Israel; e a repercuss\u00e3o da derrubada de vetos | Bloco de notas","isPartOf":{"@id":"https:\/\/newblogs.correiobraziliense.com.br\/blocodenotas\/#website"},"primaryImageOfPage":{"@id":"https:\/\/newblogs.correiobraziliense.com.br\/blocodenotas\/embaixador-brasileiro-retirado-de-israel-e-a-repercussao-da-derrubada-de-vetos\/#primaryimage"},"image":{"@id":"https:\/\/newblogs.correiobraziliense.com.br\/blocodenotas\/embaixador-brasileiro-retirado-de-israel-e-a-repercussao-da-derrubada-de-vetos\/#primaryimage"},"thumbnailUrl":"https:\/\/newblogs.correiobraziliense.com.br\/blocodenotas\/wp-content\/uploads\/sites\/3\/2024\/05\/FREDERICO-MEYER.png","datePublished":"2024-05-30T15:45:00+00:00","dateModified":"2024-06-05T01:28:43+00:00","author":{"@id":"https:\/\/newblogs.correiobraziliense.com.br\/blocodenotas\/#\/schema\/person\/a0fff7bd726973b92d5492e165bc4dde"},"description":"Confira a \u00edntegra do programa no Correio Braziliense, que vai ao ar de segunda a sexta, a partir das 17h","breadcrumb":{"@id":"https:\/\/newblogs.correiobraziliense.com.br\/blocodenotas\/embaixador-brasileiro-retirado-de-israel-e-a-repercussao-da-derrubada-de-vetos\/#breadcrumb"},"inLanguage":"pt-BR","potentialAction":[{"@type":"ReadAction","target":["https:\/\/newblogs.correiobraziliense.com.br\/blocodenotas\/embaixador-brasileiro-retirado-de-israel-e-a-repercussao-da-derrubada-de-vetos\/"]}]},{"@type":"ImageObject","inLanguage":"pt-BR","@id":"https:\/\/newblogs.correiobraziliense.com.br\/blocodenotas\/embaixador-brasileiro-retirado-de-israel-e-a-repercussao-da-derrubada-de-vetos\/#primaryimage","url":"https:\/\/newblogs.correiobraziliense.com.br\/blocodenotas\/wp-content\/uploads\/sites\/3\/2024\/05\/FREDERICO-MEYER.png","contentUrl":"https:\/\/newblogs.correiobraziliense.com.br\/blocodenotas\/wp-content\/uploads\/sites\/3\/2024\/05\/FREDERICO-MEYER.png","width":1920,"height":1080,"caption":"Ag\u00eancia Senado"},{"@type":"BreadcrumbList","@id":"https:\/\/newblogs.correiobraziliense.com.br\/blocodenotas\/embaixador-brasileiro-retirado-de-israel-e-a-repercussao-da-derrubada-de-vetos\/#breadcrumb","itemListElement":[{"@type":"ListItem","position":1,"name":"In\u00edcio","item":"https:\/\/newblogs.correiobraziliense.com.br\/blocodenotas\/"},{"@type":"ListItem","position":2,"name":"Programa","item":"https:\/\/newblogs.correiobraziliense.com.br\/blocodenotas\/programa\/"},{"@type":"ListItem","position":3,"name":"Embaixador brasileiro retirado de Israel; e a repercuss\u00e3o da derrubada de vetos"}]},{"@type":"WebSite","@id":"https:\/\/newblogs.correiobraziliense.com.br\/blocodenotas\/#website","url":"https:\/\/newblogs.correiobraziliense.com.br\/blocodenotas\/","name":"Bloco de notas","description":"Este espa\u00e7o ser\u00e1, a partir de hoje, o meu bloco de notas compartilhado com voc\u00ea. E, assim, poder\u00e1 ser tamb\u00e9m o seu bloco de notas. Vou dividir e organizar com voc\u00ea minhas anota\u00e7\u00f5es sobre os fatos da pol\u00edtica, da economia, da vida.","potentialAction":[{"@type":"SearchAction","target":{"@type":"EntryPoint","urlTemplate":"https:\/\/newblogs.correiobraziliense.com.br\/blocodenotas\/?s={search_term_string}"},"query-input":{"@type":"PropertyValueSpecification","valueRequired":true,"valueName":"search_term_string"}}],"inLanguage":"pt-BR"},{"@type":"Person","@id":"https:\/\/newblogs.correiobraziliense.com.br\/blocodenotas\/#\/schema\/person\/a0fff7bd726973b92d5492e165bc4dde","name":"Diego Amorim","image":{"@type":"ImageObject","inLanguage":"pt-BR","@id":"https:\/\/secure.gravatar.com\/avatar\/149eb8ed1dc6e36ec770263cc2075b004439befcd6b992ea240dcafb217cc5bf?s=96&d=mm&r=g","url":"https:\/\/secure.gravatar.com\/avatar\/149eb8ed1dc6e36ec770263cc2075b004439befcd6b992ea240dcafb217cc5bf?s=96&d=mm&r=g","contentUrl":"https:\/\/secure.gravatar.com\/avatar\/149eb8ed1dc6e36ec770263cc2075b004439befcd6b992ea240dcafb217cc5bf?s=96&d=mm&r=g","caption":"Diego Amorim"},"description":"Diego Amorim \u00e9 um dos jornalistas mais premiados de Bras\u00edlia. Com carreira no Correio Braziliense e passagens por ve\u00edculos como Blog do Noblat e O Antagonista, atualmente \u00e9 diretor-executivo e \u00e2ncora da Novabrasil FM na capital federal.","url":"https:\/\/newblogs.correiobraziliense.com.br\/blocodenotas\/author\/diegoamorim\/"}]}},"_links":{"self":[{"href":"https:\/\/newblogs.correiobraziliense.com.br\/blocodenotas\/wp-json\/wp\/v2\/posts\/164","targetHints":{"allow":["GET"]}}],"collection":[{"href":"https:\/\/newblogs.correiobraziliense.com.br\/blocodenotas\/wp-json\/wp\/v2\/posts"}],"about":[{"href":"https:\/\/newblogs.correiobraziliense.com.br\/blocodenotas\/wp-json\/wp\/v2\/types\/post"}],"author":[{"embeddable":true,"href":"https:\/\/newblogs.correiobraziliense.com.br\/blocodenotas\/wp-json\/wp\/v2\/users\/5"}],"replies":[{"embeddable":true,"href":"https:\/\/newblogs.correiobraziliense.com.br\/blocodenotas\/wp-json\/wp\/v2\/comments?post=164"}],"version-history":[{"count":1,"href":"https:\/\/newblogs.correiobraziliense.com.br\/blocodenotas\/wp-json\/wp\/v2\/posts\/164\/revisions"}],"predecessor-version":[{"id":166,"href":"https:\/\/newblogs.correiobraziliense.com.br\/blocodenotas\/wp-json\/wp\/v2\/posts\/164\/revisions\/166"}],"wp:featuredmedia":[{"embeddable":true,"href":"https:\/\/newblogs.correiobraziliense.com.br\/blocodenotas\/wp-json\/wp\/v2\/media\/165"}],"wp:attachment":[{"href":"https:\/\/newblogs.correiobraziliense.com.br\/blocodenotas\/wp-json\/wp\/v2\/media?parent=164"}],"wp:term":[{"taxonomy":"category","embeddable":true,"href":"https:\/\/newblogs.correiobraziliense.com.br\/blocodenotas\/wp-json\/wp\/v2\/categories?post=164"},{"taxonomy":"post_tag","embeddable":true,"href":"https:\/\/newblogs.correiobraziliense.com.br\/blocodenotas\/wp-json\/wp\/v2\/tags?post=164"}],"curies":[{"name":"wp","href":"https:\/\/api.w.org\/{rel}","templated":true}]}}