{"id":16,"date":"2024-04-21T02:06:08","date_gmt":"2024-04-21T05:06:08","guid":{"rendered":"http:\/\/newblogs.correiobraziliense.com.br\/blocodenotas\/?p=16"},"modified":"2024-05-04T15:20:42","modified_gmt":"2024-05-04T18:20:42","slug":"o-bloco-de-notas-esta-no-ar","status":"publish","type":"post","link":"https:\/\/newblogs.correiobraziliense.com.br\/blocodenotas\/o-bloco-de-notas-esta-no-ar\/","title":{"rendered":"O Bloco de Notas est\u00e1 no ar!"},"content":{"rendered":"\n<p>Todo mundo tem um bloco de notas, n\u00e3o \u00e9? Eu tenho um (mais de um, confesso). Voc\u00ea tem um (pelo menos um). Seja no celular &#8212; a maioria de n\u00f3s, certamente &#8212; ou num caderninho &#8220;\u00e0 moda antiga&#8221;, por mais estranho que j\u00e1 seja falar assim, todos temos algum lugar para depositar ao menos parte daquele tant\u00e3o de coisas que passam pela nossa cabecinha a todo instante e, parece, com cada vez mais velocidade e intensidade.<\/p>\n\n\n\n<p>Eu, Diego, adoro rabiscar. Passo os dias anotando percep\u00e7\u00f5es, pensamentos, ideias simples ou mirabolantes, frases soltas, trechos de m\u00fasicas das quais me lembro de repente, coisas interessantes ou desinteressantes que escuto por a\u00ed, planejamentos di\u00e1rios ou semanais, pend\u00eancias, tudo, eu anoto tudo.<\/p>\n\n\n\n<p>Este espa\u00e7o ser\u00e1, a partir de hoje, o meu bloco de notas compartilhado com voc\u00ea. E, assim, poder\u00e1 ser tamb\u00e9m o seu bloco de notas. Vou dividir e organizar com voc\u00ea minhas anota\u00e7\u00f5es sobre os fatos da pol\u00edtica, da economia, da vida.<\/p>\n\n\n\n<p>Obrigado ao Correio Braziliense por liberar o acesso a este bloco de notas. E ao Grupo Thathi de Comunica\u00e7\u00e3o, ao qual pertence a Novabrasil FM, onde sou diretor-executivo na capital federal, por me permitir estar aqui igualmente.<\/p>\n\n\n\n<p>Anote a\u00ed: de segunda a sexta (estreia em 22 de abril), nos veremos numa &#8216;live&#8217; descontra\u00edda no fim de tarde, \u00e0s 17h exatamente, para repassarmos juntos as anota\u00e7\u00f5es do dia e clarearmos os nossos rabiscos. Vamos sublinhar e at\u00e9 negritar, quando necess\u00e1rio, os pontos mais importantes do bloco de notas.<\/p>\n\n\n\n<p>Por aqui, nos encontraremos sempre que as anota\u00e7\u00f5es forem atualizadas. Sabe como \u00e9, n\u00e9? Voc\u00ea ter\u00e1 de vir sempre.<\/p>\n","protected":false},"excerpt":{"rendered":"<p>Al\u00e9m de atualizar este blog, Diego Amorim estar\u00e1 ao vivo de segunda a sexta, \u00e0s 17h, no YouTube do Correio Braziliense<\/p>\n","protected":false},"author":5,"featured_media":27,"comment_status":"closed","ping_status":"open","sticky":false,"template":"","format":"standard","meta":{"_acf_changed":false,"inline_featured_image":false,"footnotes":""},"categories":[2],"tags":[11,13,12],"class_list":["post-16","post","type-post","status-publish","format-standard","has-post-thumbnail","hentry","category-noticias","tag-bloco-de-notas","tag-correio-braziliense","tag-diego-amorim"],"acf":[],"yoast_head":"<!-- This site is optimized with the Yoast SEO plugin v27.3 - https:\/\/yoast.com\/product\/yoast-seo-wordpress\/ -->\n<title>O Bloco de Notas est\u00e1 no ar! | Bloco de notas<\/title>\n<meta name=\"description\" content=\"Al\u00e9m de atualizar este blog, Diego Amorim estar\u00e1 ao vivo de segunda a sexta, \u00e0s 17h, no YouTube do Correio Braziliense\" \/>\n<meta name=\"robots\" content=\"index, follow, max-snippet:-1, max-image-preview:large, max-video-preview:-1\" \/>\n<link rel=\"canonical\" href=\"https:\/\/newblogs.correiobraziliense.com.br\/blocodenotas\/o-bloco-de-notas-esta-no-ar\/\" \/>\n<meta property=\"og:locale\" content=\"pt_BR\" \/>\n<meta property=\"og:type\" content=\"article\" \/>\n<meta property=\"og:title\" content=\"O Bloco de Notas est\u00e1 no ar! | Bloco de notas\" \/>\n<meta property=\"og:description\" content=\"Al\u00e9m de atualizar este blog, Diego Amorim estar\u00e1 ao vivo de segunda a sexta, \u00e0s 17h, no YouTube do Correio Braziliense\" \/>\n<meta property=\"og:url\" content=\"https:\/\/newblogs.correiobraziliense.com.br\/blocodenotas\/o-bloco-de-notas-esta-no-ar\/\" \/>\n<meta property=\"og:site_name\" content=\"Bloco de notas\" \/>\n<meta property=\"article:published_time\" content=\"2024-04-21T05:06:08+00:00\" \/>\n<meta property=\"article:modified_time\" content=\"2024-05-04T18:20:42+00:00\" \/>\n<meta property=\"og:image\" content=\"https:\/\/newblogs.correiobraziliense.com.br\/blocodenotas\/wp-content\/uploads\/sites\/3\/2024\/04\/Bloco-de-Notas_Header.png\" \/>\n\t<meta property=\"og:image:width\" content=\"1920\" \/>\n\t<meta property=\"og:image:height\" content=\"600\" \/>\n\t<meta property=\"og:image:type\" content=\"image\/png\" \/>\n<meta name=\"author\" content=\"Diego Amorim\" \/>\n<!-- \/ Yoast SEO plugin. -->","yoast_head_json":{"title":"O Bloco de Notas est\u00e1 no ar! | Bloco de notas","description":"Al\u00e9m de atualizar este blog, Diego Amorim estar\u00e1 ao vivo de segunda a sexta, \u00e0s 17h, no YouTube do Correio Braziliense","robots":{"index":"index","follow":"follow","max-snippet":"max-snippet:-1","max-image-preview":"max-image-preview:large","max-video-preview":"max-video-preview:-1"},"canonical":"https:\/\/newblogs.correiobraziliense.com.br\/blocodenotas\/o-bloco-de-notas-esta-no-ar\/","og_locale":"pt_BR","og_type":"article","og_title":"O Bloco de Notas est\u00e1 no ar! | Bloco de notas","og_description":"Al\u00e9m de atualizar este blog, Diego Amorim estar\u00e1 ao vivo de segunda a sexta, \u00e0s 17h, no YouTube do Correio Braziliense","og_url":"https:\/\/newblogs.correiobraziliense.com.br\/blocodenotas\/o-bloco-de-notas-esta-no-ar\/","og_site_name":"Bloco de notas","article_published_time":"2024-04-21T05:06:08+00:00","article_modified_time":"2024-05-04T18:20:42+00:00","og_image":[{"width":1920,"height":600,"url":"https:\/\/newblogs.correiobraziliense.com.br\/blocodenotas\/wp-content\/uploads\/sites\/3\/2024\/04\/Bloco-de-Notas_Header.png","type":"image\/png"}],"author":"Diego Amorim","schema":{"@context":"https:\/\/schema.org","@graph":[{"@type":"NewsArticle","@id":"https:\/\/newblogs.correiobraziliense.com.br\/blocodenotas\/o-bloco-de-notas-esta-no-ar\/#article","isPartOf":{"@id":"https:\/\/newblogs.correiobraziliense.com.br\/blocodenotas\/o-bloco-de-notas-esta-no-ar\/"},"author":{"name":"Diego Amorim","@id":"https:\/\/newblogs.correiobraziliense.com.br\/blocodenotas\/#\/schema\/person\/a0fff7bd726973b92d5492e165bc4dde"},"headline":"O Bloco de Notas est\u00e1 no ar!","datePublished":"2024-04-21T05:06:08+00:00","dateModified":"2024-05-04T18:20:42+00:00","mainEntityOfPage":{"@id":"https:\/\/newblogs.correiobraziliense.com.br\/blocodenotas\/o-bloco-de-notas-esta-no-ar\/"},"wordCount":285,"image":{"@id":"https:\/\/newblogs.correiobraziliense.com.br\/blocodenotas\/o-bloco-de-notas-esta-no-ar\/#primaryimage"},"thumbnailUrl":"https:\/\/newblogs.correiobraziliense.com.br\/blocodenotas\/wp-content\/uploads\/sites\/3\/2024\/04\/Bloco-de-Notas_Header.png","keywords":["Bloco de Notas","Correio Braziliense","Diego Amorim"],"articleSection":["Not\u00edcias"],"inLanguage":"pt-BR"},{"@type":"WebPage","@id":"https:\/\/newblogs.correiobraziliense.com.br\/blocodenotas\/o-bloco-de-notas-esta-no-ar\/","url":"https:\/\/newblogs.correiobraziliense.com.br\/blocodenotas\/o-bloco-de-notas-esta-no-ar\/","name":"O Bloco de Notas est\u00e1 no ar! | Bloco de notas","isPartOf":{"@id":"https:\/\/newblogs.correiobraziliense.com.br\/blocodenotas\/#website"},"primaryImageOfPage":{"@id":"https:\/\/newblogs.correiobraziliense.com.br\/blocodenotas\/o-bloco-de-notas-esta-no-ar\/#primaryimage"},"image":{"@id":"https:\/\/newblogs.correiobraziliense.com.br\/blocodenotas\/o-bloco-de-notas-esta-no-ar\/#primaryimage"},"thumbnailUrl":"https:\/\/newblogs.correiobraziliense.com.br\/blocodenotas\/wp-content\/uploads\/sites\/3\/2024\/04\/Bloco-de-Notas_Header.png","datePublished":"2024-04-21T05:06:08+00:00","dateModified":"2024-05-04T18:20:42+00:00","author":{"@id":"https:\/\/newblogs.correiobraziliense.com.br\/blocodenotas\/#\/schema\/person\/a0fff7bd726973b92d5492e165bc4dde"},"description":"Al\u00e9m de atualizar este blog, Diego Amorim estar\u00e1 ao vivo de segunda a sexta, \u00e0s 17h, no YouTube do Correio Braziliense","breadcrumb":{"@id":"https:\/\/newblogs.correiobraziliense.com.br\/blocodenotas\/o-bloco-de-notas-esta-no-ar\/#breadcrumb"},"inLanguage":"pt-BR","potentialAction":[{"@type":"ReadAction","target":["https:\/\/newblogs.correiobraziliense.com.br\/blocodenotas\/o-bloco-de-notas-esta-no-ar\/"]}]},{"@type":"ImageObject","inLanguage":"pt-BR","@id":"https:\/\/newblogs.correiobraziliense.com.br\/blocodenotas\/o-bloco-de-notas-esta-no-ar\/#primaryimage","url":"https:\/\/newblogs.correiobraziliense.com.br\/blocodenotas\/wp-content\/uploads\/sites\/3\/2024\/04\/Bloco-de-Notas_Header.png","contentUrl":"https:\/\/newblogs.correiobraziliense.com.br\/blocodenotas\/wp-content\/uploads\/sites\/3\/2024\/04\/Bloco-de-Notas_Header.png","width":1920,"height":600,"caption":"De segunda a sexta (estreia em 22 de abril), nos veremos numa \u2018live\u2019 descontra\u00edda no fim de tarde, \u00e0s 17h"},{"@type":"BreadcrumbList","@id":"https:\/\/newblogs.correiobraziliense.com.br\/blocodenotas\/o-bloco-de-notas-esta-no-ar\/#breadcrumb","itemListElement":[{"@type":"ListItem","position":1,"name":"In\u00edcio","item":"https:\/\/newblogs.correiobraziliense.com.br\/blocodenotas\/"},{"@type":"ListItem","position":2,"name":"Not\u00edcias","item":"https:\/\/newblogs.correiobraziliense.com.br\/blocodenotas\/noticias\/"},{"@type":"ListItem","position":3,"name":"O Bloco de Notas est\u00e1 no ar!"}]},{"@type":"WebSite","@id":"https:\/\/newblogs.correiobraziliense.com.br\/blocodenotas\/#website","url":"https:\/\/newblogs.correiobraziliense.com.br\/blocodenotas\/","name":"Bloco de notas","description":"Este espa\u00e7o ser\u00e1, a partir de hoje, o meu bloco de notas compartilhado com voc\u00ea. E, assim, poder\u00e1 ser tamb\u00e9m o seu bloco de notas. Vou dividir e organizar com voc\u00ea minhas anota\u00e7\u00f5es sobre os fatos da pol\u00edtica, da economia, da vida.","potentialAction":[{"@type":"SearchAction","target":{"@type":"EntryPoint","urlTemplate":"https:\/\/newblogs.correiobraziliense.com.br\/blocodenotas\/?s={search_term_string}"},"query-input":{"@type":"PropertyValueSpecification","valueRequired":true,"valueName":"search_term_string"}}],"inLanguage":"pt-BR"},{"@type":"Person","@id":"https:\/\/newblogs.correiobraziliense.com.br\/blocodenotas\/#\/schema\/person\/a0fff7bd726973b92d5492e165bc4dde","name":"Diego Amorim","image":{"@type":"ImageObject","inLanguage":"pt-BR","@id":"https:\/\/secure.gravatar.com\/avatar\/149eb8ed1dc6e36ec770263cc2075b004439befcd6b992ea240dcafb217cc5bf?s=96&d=mm&r=g","url":"https:\/\/secure.gravatar.com\/avatar\/149eb8ed1dc6e36ec770263cc2075b004439befcd6b992ea240dcafb217cc5bf?s=96&d=mm&r=g","contentUrl":"https:\/\/secure.gravatar.com\/avatar\/149eb8ed1dc6e36ec770263cc2075b004439befcd6b992ea240dcafb217cc5bf?s=96&d=mm&r=g","caption":"Diego Amorim"},"description":"Diego Amorim \u00e9 um dos jornalistas mais premiados de Bras\u00edlia. Com carreira no Correio Braziliense e passagens por ve\u00edculos como Blog do Noblat e O Antagonista, atualmente \u00e9 diretor-executivo e \u00e2ncora da Novabrasil FM na capital federal.","url":"https:\/\/newblogs.correiobraziliense.com.br\/blocodenotas\/author\/diegoamorim\/"}]}},"_links":{"self":[{"href":"https:\/\/newblogs.correiobraziliense.com.br\/blocodenotas\/wp-json\/wp\/v2\/posts\/16","targetHints":{"allow":["GET"]}}],"collection":[{"href":"https:\/\/newblogs.correiobraziliense.com.br\/blocodenotas\/wp-json\/wp\/v2\/posts"}],"about":[{"href":"https:\/\/newblogs.correiobraziliense.com.br\/blocodenotas\/wp-json\/wp\/v2\/types\/post"}],"author":[{"embeddable":true,"href":"https:\/\/newblogs.correiobraziliense.com.br\/blocodenotas\/wp-json\/wp\/v2\/users\/5"}],"replies":[{"embeddable":true,"href":"https:\/\/newblogs.correiobraziliense.com.br\/blocodenotas\/wp-json\/wp\/v2\/comments?post=16"}],"version-history":[{"count":3,"href":"https:\/\/newblogs.correiobraziliense.com.br\/blocodenotas\/wp-json\/wp\/v2\/posts\/16\/revisions"}],"predecessor-version":[{"id":67,"href":"https:\/\/newblogs.correiobraziliense.com.br\/blocodenotas\/wp-json\/wp\/v2\/posts\/16\/revisions\/67"}],"wp:featuredmedia":[{"embeddable":true,"href":"https:\/\/newblogs.correiobraziliense.com.br\/blocodenotas\/wp-json\/wp\/v2\/media\/27"}],"wp:attachment":[{"href":"https:\/\/newblogs.correiobraziliense.com.br\/blocodenotas\/wp-json\/wp\/v2\/media?parent=16"}],"wp:term":[{"taxonomy":"category","embeddable":true,"href":"https:\/\/newblogs.correiobraziliense.com.br\/blocodenotas\/wp-json\/wp\/v2\/categories?post=16"},{"taxonomy":"post_tag","embeddable":true,"href":"https:\/\/newblogs.correiobraziliense.com.br\/blocodenotas\/wp-json\/wp\/v2\/tags?post=16"}],"curies":[{"name":"wp","href":"https:\/\/api.w.org\/{rel}","templated":true}]}}