{"id":120,"date":"2024-05-15T09:47:08","date_gmt":"2024-05-15T12:47:08","guid":{"rendered":"https:\/\/newblogs.correiobraziliense.com.br\/blocodenotas\/?p=120"},"modified":"2024-05-15T09:55:10","modified_gmt":"2024-05-15T12:55:10","slug":"existe-oposicao-ideal","status":"publish","type":"post","link":"https:\/\/newblogs.correiobraziliense.com.br\/blocodenotas\/existe-oposicao-ideal\/","title":{"rendered":"Existe oposi\u00e7\u00e3o ideal?"},"content":{"rendered":"\n\n\n\n\n<p>Em um daqueles encontros empresariais organizados pelo Grupo Lide em Nova York, nesta semana, o ex-presidente da Rep\u00fablica Michel Temer e o senador Ciro Nogueira, presidente nacional do PP, deram declara\u00e7\u00f5es sobre o que pensam acerca do papel da oposi\u00e7\u00e3o.<\/p>\n\n\n\n<p>Primeiro: \u00e9 preciso ficar claro que n\u00e3o existe democracia sem situa\u00e7\u00e3o, que \u00e9 o governo da vez, e oposi\u00e7\u00e3o.<\/p>\n\n\n\n<p>Mas qual oposi\u00e7\u00e3o seria, digamos assim, ideal? Existe oposi\u00e7\u00e3o ideal?<\/p>\n\n\n\n<p>E por que pergunto isso aqui no Bloco de Notas? Porque geralmente funciona assim: quem est\u00e1 no governo costuma criticar a oposi\u00e7\u00e3o, mas quando chega \u00e0 oposi\u00e7\u00e3o faz igual ou at\u00e9 pior do que aquilo que criticava anteriormente. \u00c9 uma realidade antiga na pol\u00edtica nacional.<\/p>\n\n\n\n<p>Na avalia\u00e7\u00e3o de Michel Temer, &#8220;a oposi\u00e7\u00e3o existe para ajudar a governar, e ajuda quando critica, observa, contesta&#8221;. E, segundo o ex-presidente, &#8220;n\u00e3o \u00e9 isso que se aplica ao nosso pa\u00eds&#8221;.<\/p>\n\n\n\n<p>Ciro Nogueira, ex-petista e hoje na oposi\u00e7\u00e3o ao governo Lula, defende que se pode criticar o governo, mas nunca focar as cr\u00edticas nas pessoas. Embora ele critique, sim, a pessoa do presidente do Lula. Disse, inclusive, que o petista voltou ao Pal\u00e1cio do Planalto para este terceiro governo &#8220;fora da sua \u00e9poca&#8221;. \u00c9 evidente que essa \u00e9 uma cr\u00edtica tamb\u00e9m pessoal.<\/p>\n\n\n\n<p>Oposi\u00e7\u00e3o n\u00e3o pode querer destruir o governo da vez, s\u00f3 porque perdeu a elei\u00e7\u00e3o. Oposi\u00e7\u00e3o precisa reconhecer coisas boas do governo da vez &#8212; embora um monte de marqueteiro e consultor por a\u00ed diga que n\u00e3o. Por outro lado, o governo da vez tem de saber lidar com cr\u00edticas &#8212; sem tachar tudo de &#8220;fake news&#8221;, por exemplo &#8212; e n\u00e3o deslegitimar nem perseguir quem pensa diferente.<\/p>\n\n\n\n<p>Parece ser algo simples, n\u00e3o \u00e9? Mas quem est\u00e1 no poder, seja na situa\u00e7\u00e3o ou na oposi\u00e7\u00e3o, costuma ficar cego para as coisas simples.<\/p>\n","protected":false},"excerpt":{"rendered":"<p>Antes de pensar em qualquer resposta, n\u00e3o se pode esquecer que n\u00e3o existe democracia sem situa\u00e7\u00e3o e&#8230; oposi\u00e7\u00e3o<\/p>\n","protected":false},"author":5,"featured_media":123,"comment_status":"closed","ping_status":"open","sticky":false,"template":"","format":"standard","meta":{"_acf_changed":false,"inline_featured_image":false,"footnotes":""},"categories":[2],"tags":[11,56,13,47,12,55,54,53],"class_list":["post-120","post","type-post","status-publish","format-standard","has-post-thumbnail","hentry","category-noticias","tag-bloco-de-notas","tag-ciro-nogueira","tag-correio-braziliense","tag-democracia","tag-diego-amorim","tag-lide","tag-michel-temer","tag-oposicao"],"acf":[],"yoast_head":"<!-- This site is optimized with the Yoast SEO plugin v27.3 - https:\/\/yoast.com\/product\/yoast-seo-wordpress\/ -->\n<title>Existe oposi\u00e7\u00e3o ideal? | Bloco de notas<\/title>\n<meta name=\"description\" content=\"Antes de pensar em qualquer resposta, n\u00e3o se pode esquecer que n\u00e3o existe democracia sem situa\u00e7\u00e3o e... oposi\u00e7\u00e3o\" \/>\n<meta name=\"robots\" content=\"index, follow, max-snippet:-1, max-image-preview:large, max-video-preview:-1\" \/>\n<link rel=\"canonical\" href=\"https:\/\/newblogs.correiobraziliense.com.br\/blocodenotas\/existe-oposicao-ideal\/\" \/>\n<meta property=\"og:locale\" content=\"pt_BR\" \/>\n<meta property=\"og:type\" content=\"article\" \/>\n<meta property=\"og:title\" content=\"Existe oposi\u00e7\u00e3o ideal? | Bloco de notas\" \/>\n<meta property=\"og:description\" content=\"Antes de pensar em qualquer resposta, n\u00e3o se pode esquecer que n\u00e3o existe democracia sem situa\u00e7\u00e3o e... oposi\u00e7\u00e3o\" \/>\n<meta property=\"og:url\" content=\"https:\/\/newblogs.correiobraziliense.com.br\/blocodenotas\/existe-oposicao-ideal\/\" \/>\n<meta property=\"og:site_name\" content=\"Bloco de notas\" \/>\n<meta property=\"article:published_time\" content=\"2024-05-15T12:47:08+00:00\" \/>\n<meta property=\"article:modified_time\" content=\"2024-05-15T12:55:10+00:00\" \/>\n<meta property=\"og:image\" content=\"https:\/\/newblogs.correiobraziliense.com.br\/blocodenotas\/wp-content\/uploads\/sites\/3\/2024\/05\/20240514140941634270i.png\" \/>\n\t<meta property=\"og:image:width\" content=\"960\" \/>\n\t<meta property=\"og:image:height\" content=\"640\" \/>\n\t<meta property=\"og:image:type\" content=\"image\/png\" \/>\n<meta name=\"author\" content=\"Diego Amorim\" \/>\n<!-- \/ Yoast SEO plugin. -->","yoast_head_json":{"title":"Existe oposi\u00e7\u00e3o ideal? | Bloco de notas","description":"Antes de pensar em qualquer resposta, n\u00e3o se pode esquecer que n\u00e3o existe democracia sem situa\u00e7\u00e3o e... oposi\u00e7\u00e3o","robots":{"index":"index","follow":"follow","max-snippet":"max-snippet:-1","max-image-preview":"max-image-preview:large","max-video-preview":"max-video-preview:-1"},"canonical":"https:\/\/newblogs.correiobraziliense.com.br\/blocodenotas\/existe-oposicao-ideal\/","og_locale":"pt_BR","og_type":"article","og_title":"Existe oposi\u00e7\u00e3o ideal? | Bloco de notas","og_description":"Antes de pensar em qualquer resposta, n\u00e3o se pode esquecer que n\u00e3o existe democracia sem situa\u00e7\u00e3o e... oposi\u00e7\u00e3o","og_url":"https:\/\/newblogs.correiobraziliense.com.br\/blocodenotas\/existe-oposicao-ideal\/","og_site_name":"Bloco de notas","article_published_time":"2024-05-15T12:47:08+00:00","article_modified_time":"2024-05-15T12:55:10+00:00","og_image":[{"width":960,"height":640,"url":"https:\/\/newblogs.correiobraziliense.com.br\/blocodenotas\/wp-content\/uploads\/sites\/3\/2024\/05\/20240514140941634270i.png","type":"image\/png"}],"author":"Diego Amorim","schema":{"@context":"https:\/\/schema.org","@graph":[{"@type":"NewsArticle","@id":"https:\/\/newblogs.correiobraziliense.com.br\/blocodenotas\/existe-oposicao-ideal\/#article","isPartOf":{"@id":"https:\/\/newblogs.correiobraziliense.com.br\/blocodenotas\/existe-oposicao-ideal\/"},"author":{"name":"Diego Amorim","@id":"https:\/\/newblogs.correiobraziliense.com.br\/blocodenotas\/#\/schema\/person\/a0fff7bd726973b92d5492e165bc4dde"},"headline":"Existe oposi\u00e7\u00e3o ideal?","datePublished":"2024-05-15T12:47:08+00:00","dateModified":"2024-05-15T12:55:10+00:00","mainEntityOfPage":{"@id":"https:\/\/newblogs.correiobraziliense.com.br\/blocodenotas\/existe-oposicao-ideal\/"},"wordCount":323,"image":{"@id":"https:\/\/newblogs.correiobraziliense.com.br\/blocodenotas\/existe-oposicao-ideal\/#primaryimage"},"thumbnailUrl":"https:\/\/newblogs.correiobraziliense.com.br\/blocodenotas\/wp-content\/uploads\/sites\/3\/2024\/05\/20240514140941634270i.png","keywords":["Bloco de Notas","Ciro Nogueira","Correio Braziliense","Democracia","Diego Amorim","Lide","Michel Temer","oposi\u00e7\u00e3o"],"articleSection":["Not\u00edcias"],"inLanguage":"pt-BR"},{"@type":"WebPage","@id":"https:\/\/newblogs.correiobraziliense.com.br\/blocodenotas\/existe-oposicao-ideal\/","url":"https:\/\/newblogs.correiobraziliense.com.br\/blocodenotas\/existe-oposicao-ideal\/","name":"Existe oposi\u00e7\u00e3o ideal? | Bloco de notas","isPartOf":{"@id":"https:\/\/newblogs.correiobraziliense.com.br\/blocodenotas\/#website"},"primaryImageOfPage":{"@id":"https:\/\/newblogs.correiobraziliense.com.br\/blocodenotas\/existe-oposicao-ideal\/#primaryimage"},"image":{"@id":"https:\/\/newblogs.correiobraziliense.com.br\/blocodenotas\/existe-oposicao-ideal\/#primaryimage"},"thumbnailUrl":"https:\/\/newblogs.correiobraziliense.com.br\/blocodenotas\/wp-content\/uploads\/sites\/3\/2024\/05\/20240514140941634270i.png","datePublished":"2024-05-15T12:47:08+00:00","dateModified":"2024-05-15T12:55:10+00:00","author":{"@id":"https:\/\/newblogs.correiobraziliense.com.br\/blocodenotas\/#\/schema\/person\/a0fff7bd726973b92d5492e165bc4dde"},"description":"Antes de pensar em qualquer resposta, n\u00e3o se pode esquecer que n\u00e3o existe democracia sem situa\u00e7\u00e3o e... oposi\u00e7\u00e3o","breadcrumb":{"@id":"https:\/\/newblogs.correiobraziliense.com.br\/blocodenotas\/existe-oposicao-ideal\/#breadcrumb"},"inLanguage":"pt-BR","potentialAction":[{"@type":"ReadAction","target":["https:\/\/newblogs.correiobraziliense.com.br\/blocodenotas\/existe-oposicao-ideal\/"]}]},{"@type":"ImageObject","inLanguage":"pt-BR","@id":"https:\/\/newblogs.correiobraziliense.com.br\/blocodenotas\/existe-oposicao-ideal\/#primaryimage","url":"https:\/\/newblogs.correiobraziliense.com.br\/blocodenotas\/wp-content\/uploads\/sites\/3\/2024\/05\/20240514140941634270i.png","contentUrl":"https:\/\/newblogs.correiobraziliense.com.br\/blocodenotas\/wp-content\/uploads\/sites\/3\/2024\/05\/20240514140941634270i.png","width":960,"height":640,"caption":"Reprodu\u00e7\u00e3o\/LIDE"},{"@type":"BreadcrumbList","@id":"https:\/\/newblogs.correiobraziliense.com.br\/blocodenotas\/existe-oposicao-ideal\/#breadcrumb","itemListElement":[{"@type":"ListItem","position":1,"name":"In\u00edcio","item":"https:\/\/newblogs.correiobraziliense.com.br\/blocodenotas\/"},{"@type":"ListItem","position":2,"name":"Not\u00edcias","item":"https:\/\/newblogs.correiobraziliense.com.br\/blocodenotas\/noticias\/"},{"@type":"ListItem","position":3,"name":"Existe oposi\u00e7\u00e3o ideal?"}]},{"@type":"WebSite","@id":"https:\/\/newblogs.correiobraziliense.com.br\/blocodenotas\/#website","url":"https:\/\/newblogs.correiobraziliense.com.br\/blocodenotas\/","name":"Bloco de notas","description":"Este espa\u00e7o ser\u00e1, a partir de hoje, o meu bloco de notas compartilhado com voc\u00ea. E, assim, poder\u00e1 ser tamb\u00e9m o seu bloco de notas. Vou dividir e organizar com voc\u00ea minhas anota\u00e7\u00f5es sobre os fatos da pol\u00edtica, da economia, da vida.","potentialAction":[{"@type":"SearchAction","target":{"@type":"EntryPoint","urlTemplate":"https:\/\/newblogs.correiobraziliense.com.br\/blocodenotas\/?s={search_term_string}"},"query-input":{"@type":"PropertyValueSpecification","valueRequired":true,"valueName":"search_term_string"}}],"inLanguage":"pt-BR"},{"@type":"Person","@id":"https:\/\/newblogs.correiobraziliense.com.br\/blocodenotas\/#\/schema\/person\/a0fff7bd726973b92d5492e165bc4dde","name":"Diego Amorim","image":{"@type":"ImageObject","inLanguage":"pt-BR","@id":"https:\/\/secure.gravatar.com\/avatar\/149eb8ed1dc6e36ec770263cc2075b004439befcd6b992ea240dcafb217cc5bf?s=96&d=mm&r=g","url":"https:\/\/secure.gravatar.com\/avatar\/149eb8ed1dc6e36ec770263cc2075b004439befcd6b992ea240dcafb217cc5bf?s=96&d=mm&r=g","contentUrl":"https:\/\/secure.gravatar.com\/avatar\/149eb8ed1dc6e36ec770263cc2075b004439befcd6b992ea240dcafb217cc5bf?s=96&d=mm&r=g","caption":"Diego Amorim"},"description":"Diego Amorim \u00e9 um dos jornalistas mais premiados de Bras\u00edlia. Com carreira no Correio Braziliense e passagens por ve\u00edculos como Blog do Noblat e O Antagonista, atualmente \u00e9 diretor-executivo e \u00e2ncora da Novabrasil FM na capital federal.","url":"https:\/\/newblogs.correiobraziliense.com.br\/blocodenotas\/author\/diegoamorim\/"}]}},"_links":{"self":[{"href":"https:\/\/newblogs.correiobraziliense.com.br\/blocodenotas\/wp-json\/wp\/v2\/posts\/120","targetHints":{"allow":["GET"]}}],"collection":[{"href":"https:\/\/newblogs.correiobraziliense.com.br\/blocodenotas\/wp-json\/wp\/v2\/posts"}],"about":[{"href":"https:\/\/newblogs.correiobraziliense.com.br\/blocodenotas\/wp-json\/wp\/v2\/types\/post"}],"author":[{"embeddable":true,"href":"https:\/\/newblogs.correiobraziliense.com.br\/blocodenotas\/wp-json\/wp\/v2\/users\/5"}],"replies":[{"embeddable":true,"href":"https:\/\/newblogs.correiobraziliense.com.br\/blocodenotas\/wp-json\/wp\/v2\/comments?post=120"}],"version-history":[{"count":1,"href":"https:\/\/newblogs.correiobraziliense.com.br\/blocodenotas\/wp-json\/wp\/v2\/posts\/120\/revisions"}],"predecessor-version":[{"id":121,"href":"https:\/\/newblogs.correiobraziliense.com.br\/blocodenotas\/wp-json\/wp\/v2\/posts\/120\/revisions\/121"}],"wp:featuredmedia":[{"embeddable":true,"href":"https:\/\/newblogs.correiobraziliense.com.br\/blocodenotas\/wp-json\/wp\/v2\/media\/123"}],"wp:attachment":[{"href":"https:\/\/newblogs.correiobraziliense.com.br\/blocodenotas\/wp-json\/wp\/v2\/media?parent=120"}],"wp:term":[{"taxonomy":"category","embeddable":true,"href":"https:\/\/newblogs.correiobraziliense.com.br\/blocodenotas\/wp-json\/wp\/v2\/categories?post=120"},{"taxonomy":"post_tag","embeddable":true,"href":"https:\/\/newblogs.correiobraziliense.com.br\/blocodenotas\/wp-json\/wp\/v2\/tags?post=120"}],"curies":[{"name":"wp","href":"https:\/\/api.w.org\/{rel}","templated":true}]}}