{"id":112,"date":"2024-05-14T08:20:50","date_gmt":"2024-05-14T11:20:50","guid":{"rendered":"https:\/\/newblogs.correiobraziliense.com.br\/blocodenotas\/?p=112"},"modified":"2024-05-15T09:52:34","modified_gmt":"2024-05-15T12:52:34","slug":"a-politica-a-mostra","status":"publish","type":"post","link":"https:\/\/newblogs.correiobraziliense.com.br\/blocodenotas\/a-politica-a-mostra\/","title":{"rendered":"A pol\u00edtica \u00e0 mostra"},"content":{"rendered":"\n\n\n\n\n<p>Lula aproveitou uma reuni\u00e3o emergencial com ministros para tratar da situa\u00e7\u00e3o no Rio Grande do Sul para dar uma nova bronca em seus principais aliados.<\/p>\n\n\n\n<p>Disse o presidente: <em>&#8220;Cada ministro que for falar, ou cada ministra, tentar falar sempre a mesma coisa que est\u00e1 acontecendo, n\u00e3o ficar dizendo quando n\u00e3o est\u00e1 acontecendo ou ficar inventando coisa que ainda n\u00e3o discutiu&#8221;<\/em>.<\/p>\n\n\n\n<p>A pol\u00edtica sempre foi feita de &#8220;lavagem de roupa suja&#8221;. Quem \u00e9 amigo hoje poder\u00e1 se tornar inimigo amanh\u00e3. Quem estar\u00e1 do seu lado amanh\u00e3 poder\u00e1 virar advers\u00e1rio na semana seguinte. E por a\u00ed vai.<\/p>\n\n\n\n<p>Antes, essas brigas internas ocorriam na surdina e a gente s\u00f3 sabia se algu\u00e9m resolvesse &#8220;vazar para a imprensa&#8221; por algum interesse pessoal. Pol\u00edticos tradicionais sempre tiveram a habilidade de manter as confus\u00f5es da porta para dentro dos gabinetes. De um tempo para c\u00e1, por\u00e9m, a coisa vem mudando. N\u00e3o \u00e9 uma exclusividade do PT ou da esquerda. Tudo est\u00e1 \u00e0 mostra.<\/p>\n\n\n\n<p>No caso deste terceiro governo Lula, s\u00e3o muitos epis\u00f3dios de &#8220;puxada de tapete&#8221; e de &#8220;fogo amigo&#8221; que se acumulam. Tamb\u00e9m pudera: o petista reuniu um monte de gente diferente &#8212; alguns at\u00e9 se odeiam &#8212; para compor a chamada &#8220;frente ampla&#8221; contra Jair Bolsonaro em 2022. O resultado est\u00e1 a\u00ed: \u00e0 mostra.<\/p>\n\n\n\n<p>Anote a\u00ed no seu bloco de notas: ouviremos cada vez mais broncas p\u00fablicas de Lula &#8212; e de qualquer outra autoridade.<\/p>\n","protected":false},"excerpt":{"rendered":"<p>N\u00e3o \u00e9 s\u00f3 no PT ou na esquerda: pol\u00edticos, de maneira geral, est\u00e3o perdendo a habilidade de esconder conflitos internos<\/p>\n","protected":false},"author":5,"featured_media":122,"comment_status":"closed","ping_status":"open","sticky":false,"template":"","format":"standard","meta":{"_acf_changed":false,"inline_featured_image":false,"footnotes":""},"categories":[2],"tags":[11,13,12,6],"class_list":["post-112","post","type-post","status-publish","format-standard","has-post-thumbnail","hentry","category-noticias","tag-bloco-de-notas","tag-correio-braziliense","tag-diego-amorim","tag-lula"],"acf":[],"yoast_head":"<!-- This site is optimized with the Yoast SEO plugin v27.3 - https:\/\/yoast.com\/product\/yoast-seo-wordpress\/ -->\n<title>A pol\u00edtica \u00e0 mostra | Bloco de notas<\/title>\n<meta name=\"description\" content=\"N\u00e3o \u00e9 s\u00f3 no PT ou na esquerda: pol\u00edticos, de maneira geral, est\u00e3o perdendo a habilidade de esconder conflitos internos\" \/>\n<meta name=\"robots\" content=\"index, follow, max-snippet:-1, max-image-preview:large, max-video-preview:-1\" \/>\n<link rel=\"canonical\" href=\"https:\/\/newblogs.correiobraziliense.com.br\/blocodenotas\/a-politica-a-mostra\/\" \/>\n<meta property=\"og:locale\" content=\"pt_BR\" \/>\n<meta property=\"og:type\" content=\"article\" \/>\n<meta property=\"og:title\" content=\"A pol\u00edtica \u00e0 mostra | Bloco de notas\" \/>\n<meta property=\"og:description\" content=\"N\u00e3o \u00e9 s\u00f3 no PT ou na esquerda: pol\u00edticos, de maneira geral, est\u00e3o perdendo a habilidade de esconder conflitos internos\" \/>\n<meta property=\"og:url\" content=\"https:\/\/newblogs.correiobraziliense.com.br\/blocodenotas\/a-politica-a-mostra\/\" \/>\n<meta property=\"og:site_name\" content=\"Bloco de notas\" \/>\n<meta property=\"article:published_time\" content=\"2024-05-14T11:20:50+00:00\" \/>\n<meta property=\"article:modified_time\" content=\"2024-05-15T12:52:34+00:00\" \/>\n<meta property=\"og:image\" content=\"https:\/\/newblogs.correiobraziliense.com.br\/blocodenotas\/wp-content\/uploads\/sites\/3\/2024\/05\/53720126704_89955e78b5_c.jpg\" \/>\n\t<meta property=\"og:image:width\" content=\"799\" \/>\n\t<meta property=\"og:image:height\" content=\"533\" \/>\n\t<meta property=\"og:image:type\" content=\"image\/jpeg\" \/>\n<meta name=\"author\" content=\"Diego Amorim\" \/>\n<!-- \/ Yoast SEO plugin. -->","yoast_head_json":{"title":"A pol\u00edtica \u00e0 mostra | Bloco de notas","description":"N\u00e3o \u00e9 s\u00f3 no PT ou na esquerda: pol\u00edticos, de maneira geral, est\u00e3o perdendo a habilidade de esconder conflitos internos","robots":{"index":"index","follow":"follow","max-snippet":"max-snippet:-1","max-image-preview":"max-image-preview:large","max-video-preview":"max-video-preview:-1"},"canonical":"https:\/\/newblogs.correiobraziliense.com.br\/blocodenotas\/a-politica-a-mostra\/","og_locale":"pt_BR","og_type":"article","og_title":"A pol\u00edtica \u00e0 mostra | Bloco de notas","og_description":"N\u00e3o \u00e9 s\u00f3 no PT ou na esquerda: pol\u00edticos, de maneira geral, est\u00e3o perdendo a habilidade de esconder conflitos internos","og_url":"https:\/\/newblogs.correiobraziliense.com.br\/blocodenotas\/a-politica-a-mostra\/","og_site_name":"Bloco de notas","article_published_time":"2024-05-14T11:20:50+00:00","article_modified_time":"2024-05-15T12:52:34+00:00","og_image":[{"width":799,"height":533,"url":"https:\/\/newblogs.correiobraziliense.com.br\/blocodenotas\/wp-content\/uploads\/sites\/3\/2024\/05\/53720126704_89955e78b5_c.jpg","type":"image\/jpeg"}],"author":"Diego Amorim","schema":{"@context":"https:\/\/schema.org","@graph":[{"@type":"NewsArticle","@id":"https:\/\/newblogs.correiobraziliense.com.br\/blocodenotas\/a-politica-a-mostra\/#article","isPartOf":{"@id":"https:\/\/newblogs.correiobraziliense.com.br\/blocodenotas\/a-politica-a-mostra\/"},"author":{"name":"Diego Amorim","@id":"https:\/\/newblogs.correiobraziliense.com.br\/blocodenotas\/#\/schema\/person\/a0fff7bd726973b92d5492e165bc4dde"},"headline":"A pol\u00edtica \u00e0 mostra","datePublished":"2024-05-14T11:20:50+00:00","dateModified":"2024-05-15T12:52:34+00:00","mainEntityOfPage":{"@id":"https:\/\/newblogs.correiobraziliense.com.br\/blocodenotas\/a-politica-a-mostra\/"},"wordCount":246,"image":{"@id":"https:\/\/newblogs.correiobraziliense.com.br\/blocodenotas\/a-politica-a-mostra\/#primaryimage"},"thumbnailUrl":"https:\/\/newblogs.correiobraziliense.com.br\/blocodenotas\/wp-content\/uploads\/sites\/3\/2024\/05\/53720126704_89955e78b5_c.jpg","keywords":["Bloco de Notas","Correio Braziliense","Diego Amorim","Lula"],"articleSection":["Not\u00edcias"],"inLanguage":"pt-BR"},{"@type":"WebPage","@id":"https:\/\/newblogs.correiobraziliense.com.br\/blocodenotas\/a-politica-a-mostra\/","url":"https:\/\/newblogs.correiobraziliense.com.br\/blocodenotas\/a-politica-a-mostra\/","name":"A pol\u00edtica \u00e0 mostra | Bloco de notas","isPartOf":{"@id":"https:\/\/newblogs.correiobraziliense.com.br\/blocodenotas\/#website"},"primaryImageOfPage":{"@id":"https:\/\/newblogs.correiobraziliense.com.br\/blocodenotas\/a-politica-a-mostra\/#primaryimage"},"image":{"@id":"https:\/\/newblogs.correiobraziliense.com.br\/blocodenotas\/a-politica-a-mostra\/#primaryimage"},"thumbnailUrl":"https:\/\/newblogs.correiobraziliense.com.br\/blocodenotas\/wp-content\/uploads\/sites\/3\/2024\/05\/53720126704_89955e78b5_c.jpg","datePublished":"2024-05-14T11:20:50+00:00","dateModified":"2024-05-15T12:52:34+00:00","author":{"@id":"https:\/\/newblogs.correiobraziliense.com.br\/blocodenotas\/#\/schema\/person\/a0fff7bd726973b92d5492e165bc4dde"},"description":"N\u00e3o \u00e9 s\u00f3 no PT ou na esquerda: pol\u00edticos, de maneira geral, est\u00e3o perdendo a habilidade de esconder conflitos internos","breadcrumb":{"@id":"https:\/\/newblogs.correiobraziliense.com.br\/blocodenotas\/a-politica-a-mostra\/#breadcrumb"},"inLanguage":"pt-BR","potentialAction":[{"@type":"ReadAction","target":["https:\/\/newblogs.correiobraziliense.com.br\/blocodenotas\/a-politica-a-mostra\/"]}]},{"@type":"ImageObject","inLanguage":"pt-BR","@id":"https:\/\/newblogs.correiobraziliense.com.br\/blocodenotas\/a-politica-a-mostra\/#primaryimage","url":"https:\/\/newblogs.correiobraziliense.com.br\/blocodenotas\/wp-content\/uploads\/sites\/3\/2024\/05\/53720126704_89955e78b5_c.jpg","contentUrl":"https:\/\/newblogs.correiobraziliense.com.br\/blocodenotas\/wp-content\/uploads\/sites\/3\/2024\/05\/53720126704_89955e78b5_c.jpg","width":799,"height":533,"caption":"Ricardo Stuckert\/PR"},{"@type":"BreadcrumbList","@id":"https:\/\/newblogs.correiobraziliense.com.br\/blocodenotas\/a-politica-a-mostra\/#breadcrumb","itemListElement":[{"@type":"ListItem","position":1,"name":"In\u00edcio","item":"https:\/\/newblogs.correiobraziliense.com.br\/blocodenotas\/"},{"@type":"ListItem","position":2,"name":"Not\u00edcias","item":"https:\/\/newblogs.correiobraziliense.com.br\/blocodenotas\/noticias\/"},{"@type":"ListItem","position":3,"name":"A pol\u00edtica \u00e0 mostra"}]},{"@type":"WebSite","@id":"https:\/\/newblogs.correiobraziliense.com.br\/blocodenotas\/#website","url":"https:\/\/newblogs.correiobraziliense.com.br\/blocodenotas\/","name":"Bloco de notas","description":"Este espa\u00e7o ser\u00e1, a partir de hoje, o meu bloco de notas compartilhado com voc\u00ea. E, assim, poder\u00e1 ser tamb\u00e9m o seu bloco de notas. Vou dividir e organizar com voc\u00ea minhas anota\u00e7\u00f5es sobre os fatos da pol\u00edtica, da economia, da vida.","potentialAction":[{"@type":"SearchAction","target":{"@type":"EntryPoint","urlTemplate":"https:\/\/newblogs.correiobraziliense.com.br\/blocodenotas\/?s={search_term_string}"},"query-input":{"@type":"PropertyValueSpecification","valueRequired":true,"valueName":"search_term_string"}}],"inLanguage":"pt-BR"},{"@type":"Person","@id":"https:\/\/newblogs.correiobraziliense.com.br\/blocodenotas\/#\/schema\/person\/a0fff7bd726973b92d5492e165bc4dde","name":"Diego Amorim","image":{"@type":"ImageObject","inLanguage":"pt-BR","@id":"https:\/\/secure.gravatar.com\/avatar\/149eb8ed1dc6e36ec770263cc2075b004439befcd6b992ea240dcafb217cc5bf?s=96&d=mm&r=g","url":"https:\/\/secure.gravatar.com\/avatar\/149eb8ed1dc6e36ec770263cc2075b004439befcd6b992ea240dcafb217cc5bf?s=96&d=mm&r=g","contentUrl":"https:\/\/secure.gravatar.com\/avatar\/149eb8ed1dc6e36ec770263cc2075b004439befcd6b992ea240dcafb217cc5bf?s=96&d=mm&r=g","caption":"Diego Amorim"},"description":"Diego Amorim \u00e9 um dos jornalistas mais premiados de Bras\u00edlia. Com carreira no Correio Braziliense e passagens por ve\u00edculos como Blog do Noblat e O Antagonista, atualmente \u00e9 diretor-executivo e \u00e2ncora da Novabrasil FM na capital federal.","url":"https:\/\/newblogs.correiobraziliense.com.br\/blocodenotas\/author\/diegoamorim\/"}]}},"_links":{"self":[{"href":"https:\/\/newblogs.correiobraziliense.com.br\/blocodenotas\/wp-json\/wp\/v2\/posts\/112","targetHints":{"allow":["GET"]}}],"collection":[{"href":"https:\/\/newblogs.correiobraziliense.com.br\/blocodenotas\/wp-json\/wp\/v2\/posts"}],"about":[{"href":"https:\/\/newblogs.correiobraziliense.com.br\/blocodenotas\/wp-json\/wp\/v2\/types\/post"}],"author":[{"embeddable":true,"href":"https:\/\/newblogs.correiobraziliense.com.br\/blocodenotas\/wp-json\/wp\/v2\/users\/5"}],"replies":[{"embeddable":true,"href":"https:\/\/newblogs.correiobraziliense.com.br\/blocodenotas\/wp-json\/wp\/v2\/comments?post=112"}],"version-history":[{"count":6,"href":"https:\/\/newblogs.correiobraziliense.com.br\/blocodenotas\/wp-json\/wp\/v2\/posts\/112\/revisions"}],"predecessor-version":[{"id":119,"href":"https:\/\/newblogs.correiobraziliense.com.br\/blocodenotas\/wp-json\/wp\/v2\/posts\/112\/revisions\/119"}],"wp:featuredmedia":[{"embeddable":true,"href":"https:\/\/newblogs.correiobraziliense.com.br\/blocodenotas\/wp-json\/wp\/v2\/media\/122"}],"wp:attachment":[{"href":"https:\/\/newblogs.correiobraziliense.com.br\/blocodenotas\/wp-json\/wp\/v2\/media?parent=112"}],"wp:term":[{"taxonomy":"category","embeddable":true,"href":"https:\/\/newblogs.correiobraziliense.com.br\/blocodenotas\/wp-json\/wp\/v2\/categories?post=112"},{"taxonomy":"post_tag","embeddable":true,"href":"https:\/\/newblogs.correiobraziliense.com.br\/blocodenotas\/wp-json\/wp\/v2\/tags?post=112"}],"curies":[{"name":"wp","href":"https:\/\/api.w.org\/{rel}","templated":true}]}}